{"id":1028,"date":"2015-06-16T14:35:51","date_gmt":"2015-06-16T17:35:51","guid":{"rendered":"http:\/\/35.168.5.64\/edgardgouveia\/?p=1028"},"modified":"2019-05-02T15:30:36","modified_gmt":"2019-05-02T18:30:36","slug":"area-publica-no-monte-cristo-e-revitalizada-em-24-horas-por-voluntarios-durante-gincana-global","status":"publish","type":"post","link":"https:\/\/edgardgouveiajr.com.br\/en\/area-publica-no-monte-cristo-e-revitalizada-em-24-horas-por-voluntarios-durante-gincana-global\/","title":{"rendered":"\u00c1rea p\u00fablica no Monte Cristo \u00e9 revitalizada em 24 horas por volunt\u00e1rios durante gincana global"},"content":{"rendered":"<p><strong>Miss\u00e3o do desafio mundial Play The Call, que tamb\u00e9m acontece em S\u00e3o Paulo, Manaus e Salvador, mobilizou 30 pessoas para constru\u00e7\u00e3o de pra\u00e7a em comunidade da capital catarinense<\/strong><\/p>\n<p>Em nada mais do que <strong>24 horas de trabalho<\/strong>, um terreno de 600 m\u00b2 localizado ao lado da creche Joel Rog\u00e9rio de Freitas, na Rua Mauro de Carvalho, no <a href=\"http:\/\/horadesantacatarina.clicrbs.com.br\/sc\/ultimas-noticias\/tag\/monte-cristo\/\" rel=\"noopener noreferrer\" target=\"_blank\">Monte Cristo<\/a>, ficou de cara nova. Cerca de <strong>30 volunt\u00e1rios<\/strong> deixaram de lado as obriga\u00e7\u00f5es pessoais dos \u00faltimos dois dias para se dedicarem ao espa\u00e7o. O resultado foi entregue \u00e0 comunidade na tarde desta ter\u00e7a-feira, 16, \u00e0s 16h: <strong>um terreno revitalizado com horta, pomar, composteira, bancos em pallet e muro grafitado<\/strong>.<\/p>\n<p><strong>Acompanhe todas as not\u00edcias da Grande Florian\u00f3polis<\/strong><\/p>\n<p>O l\u00edder da comunidade Monte Cristo, em <strong>Florian\u00f3polis<\/strong>, <strong>Francisco dos Santos<\/strong>, tinha na cabe\u00e7a h\u00e1 meses a ideia de investir na \u00e1rea, que fica em frente \u00e0 sua casa. Ao lado, h\u00e1 um campinho de futebol utilizado por crian\u00e7as e adolescentes do bairro. Mas ele sempre acreditou que poderia ser feito mais no local, principalmente para os pequenos que vivem no bairro.<\/p>\n<p>\u2014 Enquanto os maiores jogavam bola, os menores n\u00e3o tinham para onde ir brincar. E acabavam expostos ao perigo dos carros que passam na rua, para n\u00e3o dizer outras coisas&#8230; \u2014 conta seu Chico.<\/p>\n<p><strong><em>Horta, composteira, bancos e grafites fizeram parte do trabalho. Foto: Felipe Carneiro\/Ag\u00eancia RBS<\/em><\/strong><\/p>\n<p><strong>Ajuda veio de ONGs<\/strong><\/p>\n<p>O empurr\u00e3o que o representante comunit\u00e1rio teve para tirar o projeto de revitaliza\u00e7\u00e3o da <strong>\u00e1rea comunit\u00e1ria institucional<\/strong> (ACI) do papel veio quando quatro organiza\u00e7\u00f5es n\u00e3o governamentais <strong>(ONGs) \u2014 Social Good Brasil, Instituto Comunit\u00e1rio (ICom)<\/strong>, FabLab e Mutua \u2014 entraram em contato com ele. As ONGs foram as mobilizadoras para a capta\u00e7\u00e3o de recursos material e pessoal em prol de uma miss\u00e3o do projeto denominado <a href=\"http:\/\/vinas.rbs.com.br\/jsp\/article\/www.playthecall.com.br\" rel=\"noopener noreferrer\" target=\"_blank\">Play The Call<\/a>, que busca a transforma\u00e7\u00e3o social em v\u00e1rios lugares do mundo. A gincana global pretende mobilizar <strong>2 bilh\u00f5es de pessoas em quatro anos<\/strong>.<\/p>\n<p>\u2014 Acreditamos no potencial que as crian\u00e7as t\u00eam para salvar o mundo. Como se fossem, de fato, super-her\u00f3is. Aqui no <strong>Monte Cristo<\/strong>, as ONGs cumpriram o papel das crian\u00e7as para entregar um <strong>espa\u00e7o de conviv\u00eancia \u00e0 comunidade<\/strong>, que \u00e9 bastante carente em <strong>pol\u00edticas p\u00fablicas<\/strong> \u2014 explica o paulista idealizador do projeto, <strong>Edgard Gouveia Jr<\/strong>. <\/p>\n<p>L\u00edder da comunidade do Monte Cristo diz que est\u00e1 sonhando de olhos abertos com mutir\u00e3o dos volunt\u00e1rios. Foto: Felipe Carneiro\/Ag\u00eancia RBS<\/p>\n<p><strong>Projeto faz parte da programa\u00e7\u00e3o da Bienal de Design<\/strong><\/p>\n<p>A interven\u00e7\u00e3o \u00e9 uma a\u00e7\u00e3o paralela da Bienal <strong>Brasileira de Design em Florian\u00f3polis<\/strong> organizada pelo <strong>Play The Call<\/strong> \u2014 gincana que acredita em crian\u00e7as e jovens como for\u00e7as mobilizadoras para realizar a transforma\u00e7\u00e3o do planeta de maneira r\u00e1pida, divertida e sem colocar a m\u00e3o no bolso. <\/p>\n<p>No in\u00edcio da manh\u00e3 da \u00faltima segunda-feira, 15, a organiza\u00e7\u00e3o do projeto revelou o local escolhido para a a\u00e7\u00e3o na capital catarinense e, partir da\u00ed, foram divididos tr\u00eas grupos de trabalho para a realiza\u00e7\u00e3o das atividades em 24 horas: <strong>mobili\u00e1rio urbano; hortas e paisagismo; e res\u00edduos e reciclagem<\/strong>.<\/p>\n<p>A estudante <strong>Marcela Sielski<\/strong>, que faz parte da equipe do <strong>Social Good Brasil<\/strong>, ficou em um deles e colocou a m\u00e3o na massa:<\/p>\n<p>\u2014 N\u00e3o sou especialista em nenhuma dessas atividades, mas estou aqui me doando da maneira que posso porque acredito na for\u00e7a do coletivo para transformar uma realidade \u2014 arrisca. Assim como os outros volunt\u00e1rios, ela tamb\u00e9m atuou na capta\u00e7\u00e3o de areia, brita, tinta, pneus, plantas, madeira e todos os outros materiais necess\u00e1rios \u00e0 obra. <\/p>\n<p>O l\u00edder do <strong>Monte Cristo<\/strong>, seu Chico, promete que ir\u00e1 fiscalizar a manuten\u00e7\u00e3o do espa\u00e7o p\u00fablico constru\u00eddo em t\u00e3o pouco tempo.<\/p>\n<p>\u2014 Estamos sonhando de olhos abertos, porque a \u00e1rea de conviv\u00eancia j\u00e1 \u00e9 uma realidade. N\u00f3s todos <strong>vamos cuidar da pra\u00e7a, porque ela \u00e9 nossa \u2014 acredita<\/strong>.<\/p>\n","protected":false},"excerpt":{"rendered":"<p>&#8220;Miss\u00e3o do desafio mundial Play The Call,  mobilizou 30 pessoas para constru\u00e7\u00e3o de pra\u00e7a em comunidade da capital catarinense&#8230;&#8221;<\/p>\n","protected":false},"author":2,"featured_media":1029,"comment_status":"open","ping_status":"open","sticky":false,"template":"","format":"standard","meta":{"footnotes":"","_links_to":"","_links_to_target":""},"categories":[1],"tags":[],"class_list":["post-1028","post","type-post","status-publish","format-standard","has-post-thumbnail","hentry","category-sem-categoria"],"yoast_head":"<!-- This site is optimized with the Yoast SEO plugin v27.3 - https:\/\/yoast.com\/product\/yoast-seo-wordpress\/ -->\n<title>\u00c1rea p\u00fablica no Monte Cristo \u00e9 revitalizada em 24 horas por volunt\u00e1rios durante gincana global - Edgard Gouveia Jr<\/title>\n<meta name=\"robots\" content=\"index, follow, max-snippet:-1, max-image-preview:large, max-video-preview:-1\" \/>\n<link rel=\"canonical\" href=\"https:\/\/edgardgouveiajr.com.br\/en\/area-publica-no-monte-cristo-e-revitalizada-em-24-horas-por-voluntarios-durante-gincana-global\/\" \/>\n<meta property=\"og:locale\" content=\"en_US\" \/>\n<meta property=\"og:locale:alternate\" content=\"pt_BR\" \/>\n<meta property=\"og:type\" content=\"article\" \/>\n<meta property=\"og:title\" content=\"\u00c1rea p\u00fablica no Monte Cristo \u00e9 revitalizada em 24 horas por volunt\u00e1rios durante gincana global - Edgard Gouveia Jr\" \/>\n<meta property=\"og:description\" content=\"&quot;Miss\u00e3o do desafio mundial Play The Call, mobilizou 30 pessoas para constru\u00e7\u00e3o de pra\u00e7a em comunidade da capital catarinense...&quot;\" \/>\n<meta property=\"og:url\" content=\"https:\/\/edgardgouveiajr.com.br\/en\/area-publica-no-monte-cristo-e-revitalizada-em-24-horas-por-voluntarios-durante-gincana-global\/\" \/>\n<meta property=\"og:site_name\" content=\"Edgard Gouveia Jr\" \/>\n<meta property=\"article:published_time\" content=\"2015-06-16T17:35:51+00:00\" \/>\n<meta property=\"article:modified_time\" content=\"2019-05-02T18:30:36+00:00\" \/>\n<meta property=\"og:image\" content=\"https:\/\/edgardgouveiajr.com.br\/wp-content\/uploads\/2019\/05\/the-play-call.jpg\" \/>\n\t<meta property=\"og:image:width\" content=\"620\" \/>\n\t<meta property=\"og:image:height\" content=\"412\" \/>\n\t<meta property=\"og:image:type\" content=\"image\/jpeg\" \/>\n<meta name=\"author\" content=\"Edgard Gouveia Jr\" \/>\n<meta name=\"twitter:card\" content=\"summary_large_image\" \/>\n<meta name=\"twitter:label1\" content=\"Written by\" \/>\n\t<meta name=\"twitter:data1\" content=\"Edgard Gouveia Jr\" \/>\n\t<meta name=\"twitter:label2\" content=\"Est. reading time\" \/>\n\t<meta name=\"twitter:data2\" content=\"3 minutes\" \/>\n<script type=\"application\/ld+json\" class=\"yoast-schema-graph\">{\"@context\":\"https:\\\/\\\/schema.org\",\"@graph\":[{\"@type\":\"Article\",\"@id\":\"https:\\\/\\\/edgardgouveiajr.com.br\\\/en\\\/area-publica-no-monte-cristo-e-revitalizada-em-24-horas-por-voluntarios-durante-gincana-global\\\/#article\",\"isPartOf\":{\"@id\":\"https:\\\/\\\/edgardgouveiajr.com.br\\\/en\\\/area-publica-no-monte-cristo-e-revitalizada-em-24-horas-por-voluntarios-durante-gincana-global\\\/\"},\"author\":{\"name\":\"Edgard Gouveia Jr\",\"@id\":\"https:\\\/\\\/edgardgouveiajr.com.br\\\/#\\\/schema\\\/person\\\/66e1877391005ce0e60954ed37dad750\"},\"headline\":\"\u00c1rea p\u00fablica no Monte Cristo \u00e9 revitalizada em 24 horas por volunt\u00e1rios durante gincana global\",\"datePublished\":\"2015-06-16T17:35:51+00:00\",\"dateModified\":\"2019-05-02T18:30:36+00:00\",\"mainEntityOfPage\":{\"@id\":\"https:\\\/\\\/edgardgouveiajr.com.br\\\/en\\\/area-publica-no-monte-cristo-e-revitalizada-em-24-horas-por-voluntarios-durante-gincana-global\\\/\"},\"wordCount\":685,\"commentCount\":0,\"image\":{\"@id\":\"https:\\\/\\\/edgardgouveiajr.com.br\\\/en\\\/area-publica-no-monte-cristo-e-revitalizada-em-24-horas-por-voluntarios-durante-gincana-global\\\/#primaryimage\"},\"thumbnailUrl\":\"https:\\\/\\\/edgardgouveiajr.com.br\\\/wp-content\\\/uploads\\\/2019\\\/05\\\/the-play-call.jpg\",\"articleSection\":[\"Sem categoria\"],\"inLanguage\":\"en-US\",\"potentialAction\":[{\"@type\":\"CommentAction\",\"name\":\"Comment\",\"target\":[\"https:\\\/\\\/edgardgouveiajr.com.br\\\/en\\\/area-publica-no-monte-cristo-e-revitalizada-em-24-horas-por-voluntarios-durante-gincana-global\\\/#respond\"]}]},{\"@type\":\"WebPage\",\"@id\":\"https:\\\/\\\/edgardgouveiajr.com.br\\\/en\\\/area-publica-no-monte-cristo-e-revitalizada-em-24-horas-por-voluntarios-durante-gincana-global\\\/\",\"url\":\"https:\\\/\\\/edgardgouveiajr.com.br\\\/en\\\/area-publica-no-monte-cristo-e-revitalizada-em-24-horas-por-voluntarios-durante-gincana-global\\\/\",\"name\":\"\u00c1rea p\u00fablica no Monte Cristo \u00e9 revitalizada em 24 horas por volunt\u00e1rios durante gincana global - Edgard Gouveia Jr\",\"isPartOf\":{\"@id\":\"https:\\\/\\\/edgardgouveiajr.com.br\\\/#website\"},\"primaryImageOfPage\":{\"@id\":\"https:\\\/\\\/edgardgouveiajr.com.br\\\/en\\\/area-publica-no-monte-cristo-e-revitalizada-em-24-horas-por-voluntarios-durante-gincana-global\\\/#primaryimage\"},\"image\":{\"@id\":\"https:\\\/\\\/edgardgouveiajr.com.br\\\/en\\\/area-publica-no-monte-cristo-e-revitalizada-em-24-horas-por-voluntarios-durante-gincana-global\\\/#primaryimage\"},\"thumbnailUrl\":\"https:\\\/\\\/edgardgouveiajr.com.br\\\/wp-content\\\/uploads\\\/2019\\\/05\\\/the-play-call.jpg\",\"datePublished\":\"2015-06-16T17:35:51+00:00\",\"dateModified\":\"2019-05-02T18:30:36+00:00\",\"author\":{\"@id\":\"https:\\\/\\\/edgardgouveiajr.com.br\\\/#\\\/schema\\\/person\\\/66e1877391005ce0e60954ed37dad750\"},\"breadcrumb\":{\"@id\":\"https:\\\/\\\/edgardgouveiajr.com.br\\\/en\\\/area-publica-no-monte-cristo-e-revitalizada-em-24-horas-por-voluntarios-durante-gincana-global\\\/#breadcrumb\"},\"inLanguage\":\"en-US\",\"potentialAction\":[{\"@type\":\"ReadAction\",\"target\":[\"https:\\\/\\\/edgardgouveiajr.com.br\\\/en\\\/area-publica-no-monte-cristo-e-revitalizada-em-24-horas-por-voluntarios-durante-gincana-global\\\/\"]}]},{\"@type\":\"ImageObject\",\"inLanguage\":\"en-US\",\"@id\":\"https:\\\/\\\/edgardgouveiajr.com.br\\\/en\\\/area-publica-no-monte-cristo-e-revitalizada-em-24-horas-por-voluntarios-durante-gincana-global\\\/#primaryimage\",\"url\":\"https:\\\/\\\/edgardgouveiajr.com.br\\\/wp-content\\\/uploads\\\/2019\\\/05\\\/the-play-call.jpg\",\"contentUrl\":\"https:\\\/\\\/edgardgouveiajr.com.br\\\/wp-content\\\/uploads\\\/2019\\\/05\\\/the-play-call.jpg\",\"width\":620,\"height\":412,\"caption\":\"Em torno de 30 volunt\u00e1rios atuaram na miss\u00e3o em Florian\u00f3polis que engloba o desafio mundial Play The Call\"},{\"@type\":\"BreadcrumbList\",\"@id\":\"https:\\\/\\\/edgardgouveiajr.com.br\\\/en\\\/area-publica-no-monte-cristo-e-revitalizada-em-24-horas-por-voluntarios-durante-gincana-global\\\/#breadcrumb\",\"itemListElement\":[{\"@type\":\"ListItem\",\"position\":1,\"name\":\"In\u00edcio\",\"item\":\"https:\\\/\\\/edgardgouveiajr.com.br\\\/\"},{\"@type\":\"ListItem\",\"position\":2,\"name\":\"\u00c1rea p\u00fablica no Monte Cristo \u00e9 revitalizada em 24 horas por volunt\u00e1rios durante gincana global\"}]},{\"@type\":\"WebSite\",\"@id\":\"https:\\\/\\\/edgardgouveiajr.com.br\\\/#website\",\"url\":\"https:\\\/\\\/edgardgouveiajr.com.br\\\/\",\"name\":\"Edgard Gouveia Jr\",\"description\":\"O Arquiteto do Humano\",\"potentialAction\":[{\"@type\":\"SearchAction\",\"target\":{\"@type\":\"EntryPoint\",\"urlTemplate\":\"https:\\\/\\\/edgardgouveiajr.com.br\\\/?s={search_term_string}\"},\"query-input\":{\"@type\":\"PropertyValueSpecification\",\"valueRequired\":true,\"valueName\":\"search_term_string\"}}],\"inLanguage\":\"en-US\"},{\"@type\":\"Person\",\"@id\":\"https:\\\/\\\/edgardgouveiajr.com.br\\\/#\\\/schema\\\/person\\\/66e1877391005ce0e60954ed37dad750\",\"name\":\"Edgard Gouveia Jr\",\"image\":{\"@type\":\"ImageObject\",\"inLanguage\":\"en-US\",\"@id\":\"https:\\\/\\\/secure.gravatar.com\\\/avatar\\\/adb1883404fd3673d59cc8d08d1ebec3f12c10b329c39609fe3bab5357b9a78e?s=96&d=mm&r=g\",\"url\":\"https:\\\/\\\/secure.gravatar.com\\\/avatar\\\/adb1883404fd3673d59cc8d08d1ebec3f12c10b329c39609fe3bab5357b9a78e?s=96&d=mm&r=g\",\"contentUrl\":\"https:\\\/\\\/secure.gravatar.com\\\/avatar\\\/adb1883404fd3673d59cc8d08d1ebec3f12c10b329c39609fe3bab5357b9a78e?s=96&d=mm&r=g\",\"caption\":\"Edgard Gouveia Jr\"},\"sameAs\":[\"http:\\\/\\\/edgardgouveiajr.com.br\"],\"url\":\"https:\\\/\\\/edgardgouveiajr.com.br\\\/en\\\/author\\\/edgard\\\/\"}]}<\/script>\n<!-- \/ Yoast SEO plugin. -->","yoast_head_json":{"title":"\u00c1rea p\u00fablica no Monte Cristo \u00e9 revitalizada em 24 horas por volunt\u00e1rios durante gincana global - Edgard Gouveia Jr","robots":{"index":"index","follow":"follow","max-snippet":"max-snippet:-1","max-image-preview":"max-image-preview:large","max-video-preview":"max-video-preview:-1"},"canonical":"https:\/\/edgardgouveiajr.com.br\/en\/area-publica-no-monte-cristo-e-revitalizada-em-24-horas-por-voluntarios-durante-gincana-global\/","og_locale":"en_US","og_type":"article","og_title":"\u00c1rea p\u00fablica no Monte Cristo \u00e9 revitalizada em 24 horas por volunt\u00e1rios durante gincana global - Edgard Gouveia Jr","og_description":"\"Miss\u00e3o do desafio mundial Play The Call, mobilizou 30 pessoas para constru\u00e7\u00e3o de pra\u00e7a em comunidade da capital catarinense...\"","og_url":"https:\/\/edgardgouveiajr.com.br\/en\/area-publica-no-monte-cristo-e-revitalizada-em-24-horas-por-voluntarios-durante-gincana-global\/","og_site_name":"Edgard Gouveia Jr","article_published_time":"2015-06-16T17:35:51+00:00","article_modified_time":"2019-05-02T18:30:36+00:00","og_image":[{"width":620,"height":412,"url":"https:\/\/edgardgouveiajr.com.br\/wp-content\/uploads\/2019\/05\/the-play-call.jpg","type":"image\/jpeg"}],"author":"Edgard Gouveia Jr","twitter_card":"summary_large_image","twitter_misc":{"Written by":"Edgard Gouveia Jr","Est. reading time":"3 minutes"},"schema":{"@context":"https:\/\/schema.org","@graph":[{"@type":"Article","@id":"https:\/\/edgardgouveiajr.com.br\/en\/area-publica-no-monte-cristo-e-revitalizada-em-24-horas-por-voluntarios-durante-gincana-global\/#article","isPartOf":{"@id":"https:\/\/edgardgouveiajr.com.br\/en\/area-publica-no-monte-cristo-e-revitalizada-em-24-horas-por-voluntarios-durante-gincana-global\/"},"author":{"name":"Edgard Gouveia Jr","@id":"https:\/\/edgardgouveiajr.com.br\/#\/schema\/person\/66e1877391005ce0e60954ed37dad750"},"headline":"\u00c1rea p\u00fablica no Monte Cristo \u00e9 revitalizada em 24 horas por volunt\u00e1rios durante gincana global","datePublished":"2015-06-16T17:35:51+00:00","dateModified":"2019-05-02T18:30:36+00:00","mainEntityOfPage":{"@id":"https:\/\/edgardgouveiajr.com.br\/en\/area-publica-no-monte-cristo-e-revitalizada-em-24-horas-por-voluntarios-durante-gincana-global\/"},"wordCount":685,"commentCount":0,"image":{"@id":"https:\/\/edgardgouveiajr.com.br\/en\/area-publica-no-monte-cristo-e-revitalizada-em-24-horas-por-voluntarios-durante-gincana-global\/#primaryimage"},"thumbnailUrl":"https:\/\/edgardgouveiajr.com.br\/wp-content\/uploads\/2019\/05\/the-play-call.jpg","articleSection":["Sem categoria"],"inLanguage":"en-US","potentialAction":[{"@type":"CommentAction","name":"Comment","target":["https:\/\/edgardgouveiajr.com.br\/en\/area-publica-no-monte-cristo-e-revitalizada-em-24-horas-por-voluntarios-durante-gincana-global\/#respond"]}]},{"@type":"WebPage","@id":"https:\/\/edgardgouveiajr.com.br\/en\/area-publica-no-monte-cristo-e-revitalizada-em-24-horas-por-voluntarios-durante-gincana-global\/","url":"https:\/\/edgardgouveiajr.com.br\/en\/area-publica-no-monte-cristo-e-revitalizada-em-24-horas-por-voluntarios-durante-gincana-global\/","name":"\u00c1rea p\u00fablica no Monte Cristo \u00e9 revitalizada em 24 horas por volunt\u00e1rios durante gincana global - Edgard Gouveia Jr","isPartOf":{"@id":"https:\/\/edgardgouveiajr.com.br\/#website"},"primaryImageOfPage":{"@id":"https:\/\/edgardgouveiajr.com.br\/en\/area-publica-no-monte-cristo-e-revitalizada-em-24-horas-por-voluntarios-durante-gincana-global\/#primaryimage"},"image":{"@id":"https:\/\/edgardgouveiajr.com.br\/en\/area-publica-no-monte-cristo-e-revitalizada-em-24-horas-por-voluntarios-durante-gincana-global\/#primaryimage"},"thumbnailUrl":"https:\/\/edgardgouveiajr.com.br\/wp-content\/uploads\/2019\/05\/the-play-call.jpg","datePublished":"2015-06-16T17:35:51+00:00","dateModified":"2019-05-02T18:30:36+00:00","author":{"@id":"https:\/\/edgardgouveiajr.com.br\/#\/schema\/person\/66e1877391005ce0e60954ed37dad750"},"breadcrumb":{"@id":"https:\/\/edgardgouveiajr.com.br\/en\/area-publica-no-monte-cristo-e-revitalizada-em-24-horas-por-voluntarios-durante-gincana-global\/#breadcrumb"},"inLanguage":"en-US","potentialAction":[{"@type":"ReadAction","target":["https:\/\/edgardgouveiajr.com.br\/en\/area-publica-no-monte-cristo-e-revitalizada-em-24-horas-por-voluntarios-durante-gincana-global\/"]}]},{"@type":"ImageObject","inLanguage":"en-US","@id":"https:\/\/edgardgouveiajr.com.br\/en\/area-publica-no-monte-cristo-e-revitalizada-em-24-horas-por-voluntarios-durante-gincana-global\/#primaryimage","url":"https:\/\/edgardgouveiajr.com.br\/wp-content\/uploads\/2019\/05\/the-play-call.jpg","contentUrl":"https:\/\/edgardgouveiajr.com.br\/wp-content\/uploads\/2019\/05\/the-play-call.jpg","width":620,"height":412,"caption":"Em torno de 30 volunt\u00e1rios atuaram na miss\u00e3o em Florian\u00f3polis que engloba o desafio mundial Play The Call"},{"@type":"BreadcrumbList","@id":"https:\/\/edgardgouveiajr.com.br\/en\/area-publica-no-monte-cristo-e-revitalizada-em-24-horas-por-voluntarios-durante-gincana-global\/#breadcrumb","itemListElement":[{"@type":"ListItem","position":1,"name":"In\u00edcio","item":"https:\/\/edgardgouveiajr.com.br\/"},{"@type":"ListItem","position":2,"name":"\u00c1rea p\u00fablica no Monte Cristo \u00e9 revitalizada em 24 horas por volunt\u00e1rios durante gincana global"}]},{"@type":"WebSite","@id":"https:\/\/edgardgouveiajr.com.br\/#website","url":"https:\/\/edgardgouveiajr.com.br\/","name":"Edgard Gouveia Jr","description":"O Arquiteto do Humano","potentialAction":[{"@type":"SearchAction","target":{"@type":"EntryPoint","urlTemplate":"https:\/\/edgardgouveiajr.com.br\/?s={search_term_string}"},"query-input":{"@type":"PropertyValueSpecification","valueRequired":true,"valueName":"search_term_string"}}],"inLanguage":"en-US"},{"@type":"Person","@id":"https:\/\/edgardgouveiajr.com.br\/#\/schema\/person\/66e1877391005ce0e60954ed37dad750","name":"Edgard Gouveia Jr","image":{"@type":"ImageObject","inLanguage":"en-US","@id":"https:\/\/secure.gravatar.com\/avatar\/adb1883404fd3673d59cc8d08d1ebec3f12c10b329c39609fe3bab5357b9a78e?s=96&d=mm&r=g","url":"https:\/\/secure.gravatar.com\/avatar\/adb1883404fd3673d59cc8d08d1ebec3f12c10b329c39609fe3bab5357b9a78e?s=96&d=mm&r=g","contentUrl":"https:\/\/secure.gravatar.com\/avatar\/adb1883404fd3673d59cc8d08d1ebec3f12c10b329c39609fe3bab5357b9a78e?s=96&d=mm&r=g","caption":"Edgard Gouveia Jr"},"sameAs":["http:\/\/edgardgouveiajr.com.br"],"url":"https:\/\/edgardgouveiajr.com.br\/en\/author\/edgard\/"}]}},"_links":{"self":[{"href":"https:\/\/edgardgouveiajr.com.br\/en\/wp-json\/wp\/v2\/posts\/1028","targetHints":{"allow":["GET"]}}],"collection":[{"href":"https:\/\/edgardgouveiajr.com.br\/en\/wp-json\/wp\/v2\/posts"}],"about":[{"href":"https:\/\/edgardgouveiajr.com.br\/en\/wp-json\/wp\/v2\/types\/post"}],"author":[{"embeddable":true,"href":"https:\/\/edgardgouveiajr.com.br\/en\/wp-json\/wp\/v2\/users\/2"}],"replies":[{"embeddable":true,"href":"https:\/\/edgardgouveiajr.com.br\/en\/wp-json\/wp\/v2\/comments?post=1028"}],"version-history":[{"count":0,"href":"https:\/\/edgardgouveiajr.com.br\/en\/wp-json\/wp\/v2\/posts\/1028\/revisions"}],"wp:featuredmedia":[{"embeddable":true,"href":"https:\/\/edgardgouveiajr.com.br\/en\/wp-json\/wp\/v2\/media\/1029"}],"wp:attachment":[{"href":"https:\/\/edgardgouveiajr.com.br\/en\/wp-json\/wp\/v2\/media?parent=1028"}],"wp:term":[{"taxonomy":"category","embeddable":true,"href":"https:\/\/edgardgouveiajr.com.br\/en\/wp-json\/wp\/v2\/categories?post=1028"},{"taxonomy":"post_tag","embeddable":true,"href":"https:\/\/edgardgouveiajr.com.br\/en\/wp-json\/wp\/v2\/tags?post=1028"}],"curies":[{"name":"wp","href":"https:\/\/api.w.org\/{rel}","templated":true}]}}