{"id":1023,"date":"2018-09-11T14:31:12","date_gmt":"2018-09-11T17:31:12","guid":{"rendered":"http:\/\/35.168.5.64\/edgardgouveia\/?p=1023"},"modified":"2019-05-02T15:30:03","modified_gmt":"2019-05-02T18:30:03","slug":"milhares-de-criancas-pelo-pais-se-mobilizam-para-proteger-a-agua-de-suas-comunidades-e-espalham-a-primavera-x","status":"publish","type":"post","link":"https:\/\/edgardgouveiajr.com.br\/en\/milhares-de-criancas-pelo-pais-se-mobilizam-para-proteger-a-agua-de-suas-comunidades-e-espalham-a-primavera-x\/","title":{"rendered":"Milhares de crian\u00e7as pelo pa\u00eds se mobilizam para proteger a \u00e1gua de suas comunidades e espalham a &#8220;Primavera X&#8221;"},"content":{"rendered":"<p><strong>A partir de confer\u00eancias de meio ambiente, estudantes permanecem mobilizados e realizam gincana voltada a incentivar a a\u00e7\u00e3o transformadora em prol dos recursos h\u00eddricos<\/strong><\/p>\n<p>Entre os dias 22 e 23 de setembro acontece, em cidades de todas as regi\u00f5es do pa\u00eds, a \u201cPrimavera X\u201d, uma gincana nacional que desafia adolescentes, de 11 a 14 anos, a criarem projetos de recupera\u00e7\u00e3o e prote\u00e7\u00e3o da \u00e1gua, com a preserva\u00e7\u00e3o de nascentes, riachos, a\u00e7udes e lagoas. A a\u00e7\u00e3o vai ocorrer por meio de mutir\u00f5es que envolver\u00e3o suas escolas e comunidades. A iniciativa visa pautar, de maneira cr\u00edtica e criativa, campanhas inovadoras que chamam a aten\u00e7\u00e3o da sociedade em prol do saneamento dos seus munic\u00edpios, pela garantia de energia e preserva\u00e7\u00e3o das \u00e1guas.<\/p>\n<p>Tudo isso protagonizado por crian\u00e7as e jovens que participaram da V Confer\u00eancia Nacional Infanto-juvenil pelo Meio Ambiente (CNIJMA) e que agora mobilizam as escolas de suas regi\u00f5es e suas comunidades, em movimento apoiado pelo programa Criativos da Escola, do Instituto Alana. Agregador de projetos transformadores de estudantes em diferentes tem\u00e1ticas e contextos, o Criativos reconhece alunos e alunas como protagonistas de suas pr\u00f3prias hist\u00f3rias de mudan\u00e7a por meio da premia\u00e7\u00e3o \u201cDesafio Criativos da Escola\u201c.<\/p>\n<p>Com apoio tamb\u00e9m do Minist\u00e9rio de Meio Ambiente, da Ag\u00eancia Nacional de \u00c1guas e do LiveLab, a Primavera X agrega projetos que dialogam com os Objetivos do Desenvolvimento Sustent\u00e1vel (ODS) 4, 6, 11 e 14 que, respectivamente, atuam por educa\u00e7\u00e3o de qualidade, \u00e1gua pot\u00e1vel e saneamento, cidades e comunidades sustent\u00e1veis e vida na \u00e1gua.<\/p>\n<p><strong>Mobilizados pela \u00e1gua<\/strong><\/p>\n<p>Moradora da cidade de Ribeir\u00f3polis (SE), a estudante Karla Kamily \u00e9 uma das que j\u00e1 est\u00e3o mobilizadas pelo florescimento ainda maior da Primavera X. Com o apoio de seu professor, a aluna criou um projeto para organizar um mutir\u00e3o e despoluir o a\u00e7ude de seu munic\u00edpio chamado de A\u00e7ude Cajoeiro. \u201cNosso objetivo era mudar a qualidade da \u00e1gua para mudar a qualidade de vida popula\u00e7\u00e3o. Do rio costumava sair a renda de muitas fam\u00edlias porque tinha peixes, e atualmente n\u00e3o serve mais. Depois da confer\u00eancia, aprendi a tomar iniciativa e envolvi a escola na recupera\u00e7\u00e3o do a\u00e7ude. Agora quero compartilhar essa experi\u00eancia\u201d, explica.<\/p>\n<p>A cerca de 1500 quil\u00f4metros da cidade de Karla, o jovem Rafael Ferreira tamb\u00e9m est\u00e1 mobilizado na campanha, mas com o objetivo de promover a limpeza do C\u00f3rrego Neblina, em Aragua\u00edna (TO). Por meio das redes sociais, Rafael e seus colegas resgataram a import\u00e2ncia de preservar as \u00e1guas do local, antes usadas para lazer e pesca.Apenas dois dos milhares de projetos previstos at\u00e9 os dias da realiza\u00e7\u00e3o da grande gincana, estas iniciativas evidenciam a pot\u00eancia da transforma\u00e7\u00e3o pelas m\u00e3os dos estudantes.<\/p>\n<p>\u201cDurante todo este processo, impressiona o grau de comprometimento que estes adolescentes de todo o pa\u00eds demonstram no cuidado efetivo das nossas \u00e1guas e a confian\u00e7a e determina\u00e7\u00e3o que empenham em mobilizar as suas comunidades para fazerem isso juntos\u201d, diz Edgard Gouveia Junior, organizador da Primavera X.<\/p>\n<p>A Primavera X, assim como o Desafio Criativos da Escola, s\u00e3o iniciativas que apostam no trabalho em equipe e ampliam a voz de alunos e alunas que est\u00e3o disseminando boas a\u00e7\u00f5es Brasil afora. \u201cEstas crian\u00e7as e jovens est\u00e3o sim mudando as realidades de suas escolas e comunidades, mas mais do que isso: est\u00e3o dando o importante recado de que v\u00e3o continuar engajadas para cobrar as solu\u00e7\u00f5es que queremos e precisamos ver em todo nosso pa\u00eds\u201d, ressalta Gabriel Salgado, um dos coordenadores do Criativos da Escola.<\/p>\n","protected":false},"excerpt":{"rendered":"<p>&#8220;A partir de confer\u00eancias de meio ambiente, estudantes permanecem mobilizados e realizam gincana voltada a incentivar a a\u00e7\u00e3o transformadora em prol dos recursos h\u00eddricos&#8230;&#8221;<\/p>\n","protected":false},"author":2,"featured_media":0,"comment_status":"open","ping_status":"open","sticky":false,"template":"","format":"standard","meta":{"footnotes":"","_links_to":"","_links_to_target":""},"categories":[1],"tags":[],"class_list":["post-1023","post","type-post","status-publish","format-standard","hentry","category-sem-categoria"],"yoast_head":"<!-- This site is optimized with the Yoast SEO plugin v27.3 - https:\/\/yoast.com\/product\/yoast-seo-wordpress\/ -->\n<title>Milhares de crian\u00e7as pelo pa\u00eds se mobilizam para proteger a \u00e1gua de suas comunidades e espalham a &quot;Primavera X&quot; - Edgard Gouveia Jr<\/title>\n<meta name=\"robots\" content=\"index, follow, max-snippet:-1, max-image-preview:large, max-video-preview:-1\" \/>\n<link rel=\"canonical\" href=\"https:\/\/edgardgouveiajr.com.br\/en\/milhares-de-criancas-pelo-pais-se-mobilizam-para-proteger-a-agua-de-suas-comunidades-e-espalham-a-primavera-x\/\" \/>\n<meta property=\"og:locale\" content=\"en_US\" \/>\n<meta property=\"og:locale:alternate\" content=\"pt_BR\" \/>\n<meta property=\"og:type\" content=\"article\" \/>\n<meta property=\"og:title\" content=\"Milhares de crian\u00e7as pelo pa\u00eds se mobilizam para proteger a \u00e1gua de suas comunidades e espalham a &quot;Primavera X&quot; - Edgard Gouveia Jr\" \/>\n<meta property=\"og:description\" content=\"&quot;A partir de confer\u00eancias de meio ambiente, estudantes permanecem mobilizados e realizam gincana voltada a incentivar a a\u00e7\u00e3o transformadora em prol dos recursos h\u00eddricos...&quot;\" \/>\n<meta property=\"og:url\" content=\"https:\/\/edgardgouveiajr.com.br\/en\/milhares-de-criancas-pelo-pais-se-mobilizam-para-proteger-a-agua-de-suas-comunidades-e-espalham-a-primavera-x\/\" \/>\n<meta property=\"og:site_name\" content=\"Edgard Gouveia Jr\" \/>\n<meta property=\"article:published_time\" content=\"2018-09-11T17:31:12+00:00\" \/>\n<meta property=\"article:modified_time\" content=\"2019-05-02T18:30:03+00:00\" \/>\n<meta name=\"author\" content=\"Edgard Gouveia Jr\" \/>\n<meta name=\"twitter:card\" content=\"summary_large_image\" \/>\n<meta name=\"twitter:label1\" content=\"Written by\" \/>\n\t<meta name=\"twitter:data1\" content=\"Edgard Gouveia Jr\" \/>\n\t<meta name=\"twitter:label2\" content=\"Est. reading time\" \/>\n\t<meta name=\"twitter:data2\" content=\"3 minutes\" \/>\n<script type=\"application\/ld+json\" class=\"yoast-schema-graph\">{\"@context\":\"https:\\\/\\\/schema.org\",\"@graph\":[{\"@type\":\"Article\",\"@id\":\"https:\\\/\\\/edgardgouveiajr.com.br\\\/en\\\/milhares-de-criancas-pelo-pais-se-mobilizam-para-proteger-a-agua-de-suas-comunidades-e-espalham-a-primavera-x\\\/#article\",\"isPartOf\":{\"@id\":\"https:\\\/\\\/edgardgouveiajr.com.br\\\/en\\\/milhares-de-criancas-pelo-pais-se-mobilizam-para-proteger-a-agua-de-suas-comunidades-e-espalham-a-primavera-x\\\/\"},\"author\":{\"name\":\"Edgard Gouveia Jr\",\"@id\":\"https:\\\/\\\/edgardgouveiajr.com.br\\\/#\\\/schema\\\/person\\\/66e1877391005ce0e60954ed37dad750\"},\"headline\":\"Milhares de crian\u00e7as pelo pa\u00eds se mobilizam para proteger a \u00e1gua de suas comunidades e espalham a &#8220;Primavera X&#8221;\",\"datePublished\":\"2018-09-11T17:31:12+00:00\",\"dateModified\":\"2019-05-02T18:30:03+00:00\",\"mainEntityOfPage\":{\"@id\":\"https:\\\/\\\/edgardgouveiajr.com.br\\\/en\\\/milhares-de-criancas-pelo-pais-se-mobilizam-para-proteger-a-agua-de-suas-comunidades-e-espalham-a-primavera-x\\\/\"},\"wordCount\":643,\"commentCount\":0,\"articleSection\":[\"Sem categoria\"],\"inLanguage\":\"en-US\",\"potentialAction\":[{\"@type\":\"CommentAction\",\"name\":\"Comment\",\"target\":[\"https:\\\/\\\/edgardgouveiajr.com.br\\\/en\\\/milhares-de-criancas-pelo-pais-se-mobilizam-para-proteger-a-agua-de-suas-comunidades-e-espalham-a-primavera-x\\\/#respond\"]}]},{\"@type\":\"WebPage\",\"@id\":\"https:\\\/\\\/edgardgouveiajr.com.br\\\/en\\\/milhares-de-criancas-pelo-pais-se-mobilizam-para-proteger-a-agua-de-suas-comunidades-e-espalham-a-primavera-x\\\/\",\"url\":\"https:\\\/\\\/edgardgouveiajr.com.br\\\/en\\\/milhares-de-criancas-pelo-pais-se-mobilizam-para-proteger-a-agua-de-suas-comunidades-e-espalham-a-primavera-x\\\/\",\"name\":\"Milhares de crian\u00e7as pelo pa\u00eds se mobilizam para proteger a \u00e1gua de suas comunidades e espalham a \\\"Primavera X\\\" - Edgard Gouveia Jr\",\"isPartOf\":{\"@id\":\"https:\\\/\\\/edgardgouveiajr.com.br\\\/#website\"},\"datePublished\":\"2018-09-11T17:31:12+00:00\",\"dateModified\":\"2019-05-02T18:30:03+00:00\",\"author\":{\"@id\":\"https:\\\/\\\/edgardgouveiajr.com.br\\\/#\\\/schema\\\/person\\\/66e1877391005ce0e60954ed37dad750\"},\"breadcrumb\":{\"@id\":\"https:\\\/\\\/edgardgouveiajr.com.br\\\/en\\\/milhares-de-criancas-pelo-pais-se-mobilizam-para-proteger-a-agua-de-suas-comunidades-e-espalham-a-primavera-x\\\/#breadcrumb\"},\"inLanguage\":\"en-US\",\"potentialAction\":[{\"@type\":\"ReadAction\",\"target\":[\"https:\\\/\\\/edgardgouveiajr.com.br\\\/en\\\/milhares-de-criancas-pelo-pais-se-mobilizam-para-proteger-a-agua-de-suas-comunidades-e-espalham-a-primavera-x\\\/\"]}]},{\"@type\":\"BreadcrumbList\",\"@id\":\"https:\\\/\\\/edgardgouveiajr.com.br\\\/en\\\/milhares-de-criancas-pelo-pais-se-mobilizam-para-proteger-a-agua-de-suas-comunidades-e-espalham-a-primavera-x\\\/#breadcrumb\",\"itemListElement\":[{\"@type\":\"ListItem\",\"position\":1,\"name\":\"In\u00edcio\",\"item\":\"https:\\\/\\\/edgardgouveiajr.com.br\\\/\"},{\"@type\":\"ListItem\",\"position\":2,\"name\":\"Milhares de crian\u00e7as pelo pa\u00eds se mobilizam para proteger a \u00e1gua de suas comunidades e espalham a &#8220;Primavera X&#8221;\"}]},{\"@type\":\"WebSite\",\"@id\":\"https:\\\/\\\/edgardgouveiajr.com.br\\\/#website\",\"url\":\"https:\\\/\\\/edgardgouveiajr.com.br\\\/\",\"name\":\"Edgard Gouveia Jr\",\"description\":\"O Arquiteto do Humano\",\"potentialAction\":[{\"@type\":\"SearchAction\",\"target\":{\"@type\":\"EntryPoint\",\"urlTemplate\":\"https:\\\/\\\/edgardgouveiajr.com.br\\\/?s={search_term_string}\"},\"query-input\":{\"@type\":\"PropertyValueSpecification\",\"valueRequired\":true,\"valueName\":\"search_term_string\"}}],\"inLanguage\":\"en-US\"},{\"@type\":\"Person\",\"@id\":\"https:\\\/\\\/edgardgouveiajr.com.br\\\/#\\\/schema\\\/person\\\/66e1877391005ce0e60954ed37dad750\",\"name\":\"Edgard Gouveia Jr\",\"image\":{\"@type\":\"ImageObject\",\"inLanguage\":\"en-US\",\"@id\":\"https:\\\/\\\/secure.gravatar.com\\\/avatar\\\/adb1883404fd3673d59cc8d08d1ebec3f12c10b329c39609fe3bab5357b9a78e?s=96&d=mm&r=g\",\"url\":\"https:\\\/\\\/secure.gravatar.com\\\/avatar\\\/adb1883404fd3673d59cc8d08d1ebec3f12c10b329c39609fe3bab5357b9a78e?s=96&d=mm&r=g\",\"contentUrl\":\"https:\\\/\\\/secure.gravatar.com\\\/avatar\\\/adb1883404fd3673d59cc8d08d1ebec3f12c10b329c39609fe3bab5357b9a78e?s=96&d=mm&r=g\",\"caption\":\"Edgard Gouveia Jr\"},\"sameAs\":[\"http:\\\/\\\/edgardgouveiajr.com.br\"],\"url\":\"https:\\\/\\\/edgardgouveiajr.com.br\\\/en\\\/author\\\/edgard\\\/\"}]}<\/script>\n<!-- \/ Yoast SEO plugin. -->","yoast_head_json":{"title":"Milhares de crian\u00e7as pelo pa\u00eds se mobilizam para proteger a \u00e1gua de suas comunidades e espalham a \"Primavera X\" - Edgard Gouveia Jr","robots":{"index":"index","follow":"follow","max-snippet":"max-snippet:-1","max-image-preview":"max-image-preview:large","max-video-preview":"max-video-preview:-1"},"canonical":"https:\/\/edgardgouveiajr.com.br\/en\/milhares-de-criancas-pelo-pais-se-mobilizam-para-proteger-a-agua-de-suas-comunidades-e-espalham-a-primavera-x\/","og_locale":"en_US","og_type":"article","og_title":"Milhares de crian\u00e7as pelo pa\u00eds se mobilizam para proteger a \u00e1gua de suas comunidades e espalham a \"Primavera X\" - Edgard Gouveia Jr","og_description":"\"A partir de confer\u00eancias de meio ambiente, estudantes permanecem mobilizados e realizam gincana voltada a incentivar a a\u00e7\u00e3o transformadora em prol dos recursos h\u00eddricos...\"","og_url":"https:\/\/edgardgouveiajr.com.br\/en\/milhares-de-criancas-pelo-pais-se-mobilizam-para-proteger-a-agua-de-suas-comunidades-e-espalham-a-primavera-x\/","og_site_name":"Edgard Gouveia Jr","article_published_time":"2018-09-11T17:31:12+00:00","article_modified_time":"2019-05-02T18:30:03+00:00","author":"Edgard Gouveia Jr","twitter_card":"summary_large_image","twitter_misc":{"Written by":"Edgard Gouveia Jr","Est. reading time":"3 minutes"},"schema":{"@context":"https:\/\/schema.org","@graph":[{"@type":"Article","@id":"https:\/\/edgardgouveiajr.com.br\/en\/milhares-de-criancas-pelo-pais-se-mobilizam-para-proteger-a-agua-de-suas-comunidades-e-espalham-a-primavera-x\/#article","isPartOf":{"@id":"https:\/\/edgardgouveiajr.com.br\/en\/milhares-de-criancas-pelo-pais-se-mobilizam-para-proteger-a-agua-de-suas-comunidades-e-espalham-a-primavera-x\/"},"author":{"name":"Edgard Gouveia Jr","@id":"https:\/\/edgardgouveiajr.com.br\/#\/schema\/person\/66e1877391005ce0e60954ed37dad750"},"headline":"Milhares de crian\u00e7as pelo pa\u00eds se mobilizam para proteger a \u00e1gua de suas comunidades e espalham a &#8220;Primavera X&#8221;","datePublished":"2018-09-11T17:31:12+00:00","dateModified":"2019-05-02T18:30:03+00:00","mainEntityOfPage":{"@id":"https:\/\/edgardgouveiajr.com.br\/en\/milhares-de-criancas-pelo-pais-se-mobilizam-para-proteger-a-agua-de-suas-comunidades-e-espalham-a-primavera-x\/"},"wordCount":643,"commentCount":0,"articleSection":["Sem categoria"],"inLanguage":"en-US","potentialAction":[{"@type":"CommentAction","name":"Comment","target":["https:\/\/edgardgouveiajr.com.br\/en\/milhares-de-criancas-pelo-pais-se-mobilizam-para-proteger-a-agua-de-suas-comunidades-e-espalham-a-primavera-x\/#respond"]}]},{"@type":"WebPage","@id":"https:\/\/edgardgouveiajr.com.br\/en\/milhares-de-criancas-pelo-pais-se-mobilizam-para-proteger-a-agua-de-suas-comunidades-e-espalham-a-primavera-x\/","url":"https:\/\/edgardgouveiajr.com.br\/en\/milhares-de-criancas-pelo-pais-se-mobilizam-para-proteger-a-agua-de-suas-comunidades-e-espalham-a-primavera-x\/","name":"Milhares de crian\u00e7as pelo pa\u00eds se mobilizam para proteger a \u00e1gua de suas comunidades e espalham a \"Primavera X\" - Edgard Gouveia Jr","isPartOf":{"@id":"https:\/\/edgardgouveiajr.com.br\/#website"},"datePublished":"2018-09-11T17:31:12+00:00","dateModified":"2019-05-02T18:30:03+00:00","author":{"@id":"https:\/\/edgardgouveiajr.com.br\/#\/schema\/person\/66e1877391005ce0e60954ed37dad750"},"breadcrumb":{"@id":"https:\/\/edgardgouveiajr.com.br\/en\/milhares-de-criancas-pelo-pais-se-mobilizam-para-proteger-a-agua-de-suas-comunidades-e-espalham-a-primavera-x\/#breadcrumb"},"inLanguage":"en-US","potentialAction":[{"@type":"ReadAction","target":["https:\/\/edgardgouveiajr.com.br\/en\/milhares-de-criancas-pelo-pais-se-mobilizam-para-proteger-a-agua-de-suas-comunidades-e-espalham-a-primavera-x\/"]}]},{"@type":"BreadcrumbList","@id":"https:\/\/edgardgouveiajr.com.br\/en\/milhares-de-criancas-pelo-pais-se-mobilizam-para-proteger-a-agua-de-suas-comunidades-e-espalham-a-primavera-x\/#breadcrumb","itemListElement":[{"@type":"ListItem","position":1,"name":"In\u00edcio","item":"https:\/\/edgardgouveiajr.com.br\/"},{"@type":"ListItem","position":2,"name":"Milhares de crian\u00e7as pelo pa\u00eds se mobilizam para proteger a \u00e1gua de suas comunidades e espalham a &#8220;Primavera X&#8221;"}]},{"@type":"WebSite","@id":"https:\/\/edgardgouveiajr.com.br\/#website","url":"https:\/\/edgardgouveiajr.com.br\/","name":"Edgard Gouveia Jr","description":"O Arquiteto do Humano","potentialAction":[{"@type":"SearchAction","target":{"@type":"EntryPoint","urlTemplate":"https:\/\/edgardgouveiajr.com.br\/?s={search_term_string}"},"query-input":{"@type":"PropertyValueSpecification","valueRequired":true,"valueName":"search_term_string"}}],"inLanguage":"en-US"},{"@type":"Person","@id":"https:\/\/edgardgouveiajr.com.br\/#\/schema\/person\/66e1877391005ce0e60954ed37dad750","name":"Edgard Gouveia Jr","image":{"@type":"ImageObject","inLanguage":"en-US","@id":"https:\/\/secure.gravatar.com\/avatar\/adb1883404fd3673d59cc8d08d1ebec3f12c10b329c39609fe3bab5357b9a78e?s=96&d=mm&r=g","url":"https:\/\/secure.gravatar.com\/avatar\/adb1883404fd3673d59cc8d08d1ebec3f12c10b329c39609fe3bab5357b9a78e?s=96&d=mm&r=g","contentUrl":"https:\/\/secure.gravatar.com\/avatar\/adb1883404fd3673d59cc8d08d1ebec3f12c10b329c39609fe3bab5357b9a78e?s=96&d=mm&r=g","caption":"Edgard Gouveia Jr"},"sameAs":["http:\/\/edgardgouveiajr.com.br"],"url":"https:\/\/edgardgouveiajr.com.br\/en\/author\/edgard\/"}]}},"_links":{"self":[{"href":"https:\/\/edgardgouveiajr.com.br\/en\/wp-json\/wp\/v2\/posts\/1023","targetHints":{"allow":["GET"]}}],"collection":[{"href":"https:\/\/edgardgouveiajr.com.br\/en\/wp-json\/wp\/v2\/posts"}],"about":[{"href":"https:\/\/edgardgouveiajr.com.br\/en\/wp-json\/wp\/v2\/types\/post"}],"author":[{"embeddable":true,"href":"https:\/\/edgardgouveiajr.com.br\/en\/wp-json\/wp\/v2\/users\/2"}],"replies":[{"embeddable":true,"href":"https:\/\/edgardgouveiajr.com.br\/en\/wp-json\/wp\/v2\/comments?post=1023"}],"version-history":[{"count":0,"href":"https:\/\/edgardgouveiajr.com.br\/en\/wp-json\/wp\/v2\/posts\/1023\/revisions"}],"wp:attachment":[{"href":"https:\/\/edgardgouveiajr.com.br\/en\/wp-json\/wp\/v2\/media?parent=1023"}],"wp:term":[{"taxonomy":"category","embeddable":true,"href":"https:\/\/edgardgouveiajr.com.br\/en\/wp-json\/wp\/v2\/categories?post=1023"},{"taxonomy":"post_tag","embeddable":true,"href":"https:\/\/edgardgouveiajr.com.br\/en\/wp-json\/wp\/v2\/tags?post=1023"}],"curies":[{"name":"wp","href":"https:\/\/api.w.org\/{rel}","templated":true}]}}