{"id":1020,"date":"2018-09-25T14:20:59","date_gmt":"2018-09-25T17:20:59","guid":{"rendered":"http:\/\/35.168.5.64\/edgardgouveia\/?p=1020"},"modified":"2019-05-02T15:29:33","modified_gmt":"2019-05-02T18:29:33","slug":"storytelling-nao-muda-o-mundo-mas-as-pessoas-sim","status":"publish","type":"post","link":"https:\/\/edgardgouveiajr.com.br\/en\/storytelling-nao-muda-o-mundo-mas-as-pessoas-sim\/","title":{"rendered":"Storytelling n\u00e3o muda o mundo, mas as pessoas sim"},"content":{"rendered":"<p><em>J\u00e1 dissemos por aqui que storytelling \u00e9 uma ferramenta de mudan\u00e7a, pois nos permite alterar os rumos de uma hist\u00f3ria e causar impacto. H\u00e1 diversas formas de construir uma narrativa, e o storytelling \u00e9 uma delas. Mas e na pr\u00e1tica, ser\u00e1 que o impacto de determinada hist\u00f3ria \u00e9 o mesmo do que quando a lemos ou a ouvimos pela primeira vez?<\/em><\/p>\n<p>Um festival com muito storytelling<br \/>\nNo in\u00edcio de setembro acompanhamos o <a href=\"https:\/\/socialgoodbrasil.org.br\/\" rel=\"noopener noreferrer\" target=\"_blank\">Festival SGB \u2013 Social Good Brasil 2018<\/a>, onde vimos o storytelling acontecer das mais diferentes maneiras. Fosse por um elemento ou outro (ou todos!) do <a href=\"https:\/\/narrative.com.br\/o-metodo\/\" rel=\"noopener noreferrer\" target=\"_blank\">Mapa da Narrativa<\/a> trabalhado numa apresenta\u00e7\u00e3o, fosse pela forma de falar com a plateia, fosse na hora de encantar e motivar o p\u00fablico a partir para a a\u00e7\u00e3o\u2026 enfim, vimos de tudo um pouco.<\/p>\n<p>Mas se teve algo que o Festival levou a s\u00e9rio e manteve durante os dois dias do evento, foi o questionamento principal: <strong>\u201cNa era das tecnologias exponenciais, o que \u00e9 ser humano?\u201d, tema proposto pela Narrative<\/strong>.<\/p>\n<p>Como l\u00edder do movimento Data for Good no Brasil, o qual promove o uso e a an\u00e1lise de tecnologias e ci\u00eancia de dados para estimular as pessoas em prol de um mundo melhor, pode-se dizer que eles n\u00e3o s\u00f3 utilizaram uma estrat\u00e9gia de storytelling como mostraram que \u00e9 poss\u00edvel ir al\u00e9m dela.<\/p>\n<p>Basicamente, no <a href=\"https:\/\/narrative.com.br\/o-metodo\/\" rel=\"noopener noreferrer\" target=\"_blank\">Mapa da Narrativa<\/a>, constru\u00eddo pelo nosso mentor de narrativas Olavo Pereira Oliveira, s\u00e3o 4 os pontos-chave para uma narrativa de sucesso: <strong>empatia, conflito, virada e cl\u00edmax<\/strong>.<\/p>\n<p>Nas palestras do Festival, observamos que todos escolheram muito bem como contar suas breves hist\u00f3rias e conseguiram, de alguma forma, gerar impacto no p\u00fablico. A pergunta que fica \u00e9: esse impacto saiu do plano imagin\u00e1rio?<\/p>\n<p><strong>Storytelling para mudar o mundo<\/strong><\/p>\n<p>A ideia \u00e9 que uma hist\u00f3ria n\u00e3o s\u00f3 encante, mas, ao motivar as pessoas, as ajude tamb\u00e9m a sair de um estado meramente participativo e do modo ouvinte. \u00c9 quase como pegar e colocar aquela hist\u00f3ria que comoveu nas m\u00e3os de algu\u00e9m. \u00c9 uma chamada para a a\u00e7\u00e3o. No Social Good Brasil 2018, vimos isso acontecer principalmente pela voz do mestre de cerim\u00f4nias Edgard Gouveia Jr.<\/p>\n<p><strong>\u201cHist\u00f3rias nos ajudam a sonhar, mas n\u00e3o s\u00e3o m\u00e1gicas, pois depende de n\u00f3s ter um plano efetivo de justi\u00e7a e fazer um mundo melhor\u201d (Sisonke Msimang)<\/strong><\/p>\n<p>Vejamos como exemplo o grupo de surdos que estava presente no Social Good Brasil. Edgard, sempre simp\u00e1tico, os chamou ao palco e contou que, ali, no Festival, eles estavam em 17 pessoas. E que n\u00e3o bastaria que a hist\u00f3ria deles fosse traduzida pela int\u00e9rprete no palco e que fizesse o p\u00fablico rir. Era preciso mais. <\/p>\n<p>Para validar essa ideia, Edgard insistiu, com todo seu carisma, que as pessoas fossem at\u00e9 o grupo e as fizessem sentir realmente amadas; pediu que as abra\u00e7assem, que demonstrassem que elas est\u00e3o ali e n\u00e3o s\u00e3o invis\u00edveis. Em segundos, a movimenta\u00e7\u00e3o aconteceu, em meio a risos. Fica aqui uma valiosa li\u00e7\u00e3o: <strong>\u00e9 importante apresentar a hist\u00f3ria, sim \u2013 mas tamb\u00e9m fazer com que ela aconte\u00e7a<\/strong>, pois h\u00e1 muito mais para ser aprendido com aqueles que n\u00e3o det\u00eam o mesmo poder e espa\u00e7o na sociedade que n\u00f3s.<\/p>\n<p><strong>A ilus\u00e3o da solidariedade<\/strong><\/p>\n<p>Nesse sentido, o storytelling pode ser um catalisador para que a mudan\u00e7a social ocorra. Mas, por si s\u00f3, n\u00e3o \u00e9 a leitura ou s\u00f3 ouvir uma boa hist\u00f3ria que far\u00e1 a diferen\u00e7a.<\/p>\n<p>Se n\u00e3o houver algu\u00e9m que, impactado pelo que acabou de ler ou ouvir, tenha disposi\u00e7\u00e3o de levantar e fazer algo em prol daquilo, ou vivenciar na pele o contexto do que acabou de ver, o cen\u00e1rio permanecer\u00e1 o mesmo: floreado, sim, porque estaremos encantados, mas igualmente dif\u00edcil para quem vive uma realidade t\u00e3o diferente da nossa todos os dias.<\/p>\n<p>Um ponto importante a ser observado, <a href=\"https:\/\/www.ted.com\/talks\/sisonke_msimang_if_a_story_moves_you_act_on_it#t-754245\" rel=\"noopener noreferrer\" target=\"_blank\">como diz Sisonke Msimang em seu primeiro TED Talks<\/a>, \u00e9 n\u00e3o deixar que as hist\u00f3rias criem uma ilus\u00e3o de solidariedade.<\/p>\n<p>Isso se fez muito claro enquanto Edgard falava no palco: ali, sentimo-nos todos solid\u00e1rios \u00e0s dificuldades que os surdos enfrentam, ouvimos com aten\u00e7\u00e3o que eles querem ser reconhecidos, que eles querem ser amados. Mas a pr\u00e1tica precisou de mais for\u00e7a. Ouvindo, a concord\u00e2ncia e o balan\u00e7ar de cabe\u00e7as foi geral. Mas quantos realmente levantaram da cadeira para abra\u00e7ar o grupo minorit\u00e1rio e faz\u00ea-los se sentir um pouco mais queridos?<\/p>\n<p>Assim como Diogo Guerreiro, que encerrou o Festival, Sisonke Msmimang tamb\u00e9m sugere que a gente <strong>se desconecte para poder se conectar<\/strong>. Isso significa que, embora a era da conectividade diminua dist\u00e2ncias e nos permita conhecer hist\u00f3rias inimagin\u00e1veis, a verdadeira aproxima\u00e7\u00e3o acaba ficando de lado, pois se comover e sentir empatia parece suficiente.<\/p>\n<p>No fim, o que Sisonke e todos os demais participantes do Social Good Brasil realmente querem dizer, com suas narrativas t\u00e3o bem feitas e um storytelling bem aplicado, \u00e9 exatamente o que traz o t\u00edtulo do TED Talks citado: <strong>se a hist\u00f3ria te move, aja!<\/strong><\/p>\n<p>Desligue o celular, saia do seu mundo particular, d\u00ea um tempo no online e adentre a realidade de outro algu\u00e9m, doe o seu tempo e as suas capacidades, invista em projetos que te tocam, converse de fato, e descubra, da forma mais bonita poss\u00edvel, o significado de duas palavras que andam de m\u00e3os dadas com o storytelling: <strong>empatia e conex\u00e3o<\/strong>.<\/p>\n<p>* * *<\/p>\n<p>E voc\u00ea, como vem desenvolvendo esses elementos na sua narrativa? Se voc\u00ea n\u00e3o tem certeza se est\u00e1 aplicando tudo que realmente contribui para uma boa hist\u00f3ria, d\u00ea uma olhada no nosso ebook <a href=\"https:\/\/conteudo.narrative.com.br\/ebook-5-principios-boas-narrativas\" rel=\"noopener noreferrer\" target=\"_blank\">Os 5 princ\u00edpios de uma boa narrativa<\/a>.<\/p>\n<p>E se o caso \u00e9 palestrar, como o pessoal do Festival, que tal conferir o <a href=\"https:\/\/conteudo.narrative.com.br\/ebook-o-guia-do-palestrante-das-galaxias\" rel=\"noopener noreferrer\" target=\"_blank\">Guia do Palestrante das Gal\u00e1xias?<\/a> Ambos s\u00e3o gratuitos! ?<\/p>\n[Foto que ilustra o post por Fernando Willadino, tirada no Festival Social Good Brasil 2018].<\/p>\n","protected":false},"excerpt":{"rendered":"<p>&#8220;H\u00e1 diversas formas de construir uma narrativa, e o storytelling \u00e9 uma delas&#8230;&#8221;<\/p>\n","protected":false},"author":2,"featured_media":1021,"comment_status":"open","ping_status":"open","sticky":false,"template":"","format":"standard","meta":{"footnotes":"","_links_to":"","_links_to_target":""},"categories":[1],"tags":[],"class_list":["post-1020","post","type-post","status-publish","format-standard","has-post-thumbnail","hentry","category-sem-categoria"],"yoast_head":"<!-- This site is optimized with the Yoast SEO plugin v27.3 - https:\/\/yoast.com\/product\/yoast-seo-wordpress\/ -->\n<title>Storytelling n\u00e3o muda o mundo, mas as pessoas sim - Edgard Gouveia Jr<\/title>\n<meta name=\"robots\" content=\"index, follow, max-snippet:-1, max-image-preview:large, max-video-preview:-1\" \/>\n<link rel=\"canonical\" href=\"https:\/\/edgardgouveiajr.com.br\/en\/storytelling-nao-muda-o-mundo-mas-as-pessoas-sim\/\" \/>\n<meta property=\"og:locale\" content=\"en_US\" \/>\n<meta property=\"og:locale:alternate\" content=\"pt_BR\" \/>\n<meta property=\"og:type\" content=\"article\" \/>\n<meta property=\"og:title\" content=\"Storytelling n\u00e3o muda o mundo, mas as pessoas sim - Edgard Gouveia Jr\" \/>\n<meta property=\"og:description\" content=\"&quot;H\u00e1 diversas formas de construir uma narrativa, e o storytelling \u00e9 uma delas...&quot;\" \/>\n<meta property=\"og:url\" content=\"https:\/\/edgardgouveiajr.com.br\/en\/storytelling-nao-muda-o-mundo-mas-as-pessoas-sim\/\" \/>\n<meta property=\"og:site_name\" content=\"Edgard Gouveia Jr\" \/>\n<meta property=\"article:published_time\" content=\"2018-09-25T17:20:59+00:00\" \/>\n<meta property=\"article:modified_time\" content=\"2019-05-02T18:29:33+00:00\" \/>\n<meta property=\"og:image\" content=\"https:\/\/edgardgouveiajr.com.br\/wp-content\/uploads\/2019\/05\/storytelling.jpg\" \/>\n\t<meta property=\"og:image:width\" content=\"1260\" \/>\n\t<meta property=\"og:image:height\" content=\"622\" \/>\n\t<meta property=\"og:image:type\" content=\"image\/jpeg\" \/>\n<meta name=\"author\" content=\"Edgard Gouveia Jr\" \/>\n<meta name=\"twitter:card\" content=\"summary_large_image\" \/>\n<meta name=\"twitter:label1\" content=\"Written by\" \/>\n\t<meta name=\"twitter:data1\" content=\"Edgard Gouveia Jr\" \/>\n\t<meta name=\"twitter:label2\" content=\"Est. reading time\" \/>\n\t<meta name=\"twitter:data2\" content=\"5 minutes\" \/>\n<script type=\"application\/ld+json\" class=\"yoast-schema-graph\">{\"@context\":\"https:\\\/\\\/schema.org\",\"@graph\":[{\"@type\":\"Article\",\"@id\":\"https:\\\/\\\/edgardgouveiajr.com.br\\\/en\\\/storytelling-nao-muda-o-mundo-mas-as-pessoas-sim\\\/#article\",\"isPartOf\":{\"@id\":\"https:\\\/\\\/edgardgouveiajr.com.br\\\/en\\\/storytelling-nao-muda-o-mundo-mas-as-pessoas-sim\\\/\"},\"author\":{\"name\":\"Edgard Gouveia Jr\",\"@id\":\"https:\\\/\\\/edgardgouveiajr.com.br\\\/#\\\/schema\\\/person\\\/66e1877391005ce0e60954ed37dad750\"},\"headline\":\"Storytelling n\u00e3o muda o mundo, mas as pessoas sim\",\"datePublished\":\"2018-09-25T17:20:59+00:00\",\"dateModified\":\"2019-05-02T18:29:33+00:00\",\"mainEntityOfPage\":{\"@id\":\"https:\\\/\\\/edgardgouveiajr.com.br\\\/en\\\/storytelling-nao-muda-o-mundo-mas-as-pessoas-sim\\\/\"},\"wordCount\":1028,\"commentCount\":0,\"image\":{\"@id\":\"https:\\\/\\\/edgardgouveiajr.com.br\\\/en\\\/storytelling-nao-muda-o-mundo-mas-as-pessoas-sim\\\/#primaryimage\"},\"thumbnailUrl\":\"https:\\\/\\\/edgardgouveiajr.com.br\\\/wp-content\\\/uploads\\\/2019\\\/05\\\/storytelling.jpg\",\"articleSection\":[\"Sem categoria\"],\"inLanguage\":\"en-US\",\"potentialAction\":[{\"@type\":\"CommentAction\",\"name\":\"Comment\",\"target\":[\"https:\\\/\\\/edgardgouveiajr.com.br\\\/en\\\/storytelling-nao-muda-o-mundo-mas-as-pessoas-sim\\\/#respond\"]}]},{\"@type\":\"WebPage\",\"@id\":\"https:\\\/\\\/edgardgouveiajr.com.br\\\/en\\\/storytelling-nao-muda-o-mundo-mas-as-pessoas-sim\\\/\",\"url\":\"https:\\\/\\\/edgardgouveiajr.com.br\\\/en\\\/storytelling-nao-muda-o-mundo-mas-as-pessoas-sim\\\/\",\"name\":\"Storytelling n\u00e3o muda o mundo, mas as pessoas sim - Edgard Gouveia Jr\",\"isPartOf\":{\"@id\":\"https:\\\/\\\/edgardgouveiajr.com.br\\\/#website\"},\"primaryImageOfPage\":{\"@id\":\"https:\\\/\\\/edgardgouveiajr.com.br\\\/en\\\/storytelling-nao-muda-o-mundo-mas-as-pessoas-sim\\\/#primaryimage\"},\"image\":{\"@id\":\"https:\\\/\\\/edgardgouveiajr.com.br\\\/en\\\/storytelling-nao-muda-o-mundo-mas-as-pessoas-sim\\\/#primaryimage\"},\"thumbnailUrl\":\"https:\\\/\\\/edgardgouveiajr.com.br\\\/wp-content\\\/uploads\\\/2019\\\/05\\\/storytelling.jpg\",\"datePublished\":\"2018-09-25T17:20:59+00:00\",\"dateModified\":\"2019-05-02T18:29:33+00:00\",\"author\":{\"@id\":\"https:\\\/\\\/edgardgouveiajr.com.br\\\/#\\\/schema\\\/person\\\/66e1877391005ce0e60954ed37dad750\"},\"breadcrumb\":{\"@id\":\"https:\\\/\\\/edgardgouveiajr.com.br\\\/en\\\/storytelling-nao-muda-o-mundo-mas-as-pessoas-sim\\\/#breadcrumb\"},\"inLanguage\":\"en-US\",\"potentialAction\":[{\"@type\":\"ReadAction\",\"target\":[\"https:\\\/\\\/edgardgouveiajr.com.br\\\/en\\\/storytelling-nao-muda-o-mundo-mas-as-pessoas-sim\\\/\"]}]},{\"@type\":\"ImageObject\",\"inLanguage\":\"en-US\",\"@id\":\"https:\\\/\\\/edgardgouveiajr.com.br\\\/en\\\/storytelling-nao-muda-o-mundo-mas-as-pessoas-sim\\\/#primaryimage\",\"url\":\"https:\\\/\\\/edgardgouveiajr.com.br\\\/wp-content\\\/uploads\\\/2019\\\/05\\\/storytelling.jpg\",\"contentUrl\":\"https:\\\/\\\/edgardgouveiajr.com.br\\\/wp-content\\\/uploads\\\/2019\\\/05\\\/storytelling.jpg\",\"width\":1260,\"height\":622},{\"@type\":\"BreadcrumbList\",\"@id\":\"https:\\\/\\\/edgardgouveiajr.com.br\\\/en\\\/storytelling-nao-muda-o-mundo-mas-as-pessoas-sim\\\/#breadcrumb\",\"itemListElement\":[{\"@type\":\"ListItem\",\"position\":1,\"name\":\"In\u00edcio\",\"item\":\"https:\\\/\\\/edgardgouveiajr.com.br\\\/\"},{\"@type\":\"ListItem\",\"position\":2,\"name\":\"Storytelling n\u00e3o muda o mundo, mas as pessoas sim\"}]},{\"@type\":\"WebSite\",\"@id\":\"https:\\\/\\\/edgardgouveiajr.com.br\\\/#website\",\"url\":\"https:\\\/\\\/edgardgouveiajr.com.br\\\/\",\"name\":\"Edgard Gouveia Jr\",\"description\":\"O Arquiteto do Humano\",\"potentialAction\":[{\"@type\":\"SearchAction\",\"target\":{\"@type\":\"EntryPoint\",\"urlTemplate\":\"https:\\\/\\\/edgardgouveiajr.com.br\\\/?s={search_term_string}\"},\"query-input\":{\"@type\":\"PropertyValueSpecification\",\"valueRequired\":true,\"valueName\":\"search_term_string\"}}],\"inLanguage\":\"en-US\"},{\"@type\":\"Person\",\"@id\":\"https:\\\/\\\/edgardgouveiajr.com.br\\\/#\\\/schema\\\/person\\\/66e1877391005ce0e60954ed37dad750\",\"name\":\"Edgard Gouveia Jr\",\"image\":{\"@type\":\"ImageObject\",\"inLanguage\":\"en-US\",\"@id\":\"https:\\\/\\\/secure.gravatar.com\\\/avatar\\\/adb1883404fd3673d59cc8d08d1ebec3f12c10b329c39609fe3bab5357b9a78e?s=96&d=mm&r=g\",\"url\":\"https:\\\/\\\/secure.gravatar.com\\\/avatar\\\/adb1883404fd3673d59cc8d08d1ebec3f12c10b329c39609fe3bab5357b9a78e?s=96&d=mm&r=g\",\"contentUrl\":\"https:\\\/\\\/secure.gravatar.com\\\/avatar\\\/adb1883404fd3673d59cc8d08d1ebec3f12c10b329c39609fe3bab5357b9a78e?s=96&d=mm&r=g\",\"caption\":\"Edgard Gouveia Jr\"},\"sameAs\":[\"http:\\\/\\\/edgardgouveiajr.com.br\"],\"url\":\"https:\\\/\\\/edgardgouveiajr.com.br\\\/en\\\/author\\\/edgard\\\/\"}]}<\/script>\n<!-- \/ Yoast SEO plugin. -->","yoast_head_json":{"title":"Storytelling n\u00e3o muda o mundo, mas as pessoas sim - Edgard Gouveia Jr","robots":{"index":"index","follow":"follow","max-snippet":"max-snippet:-1","max-image-preview":"max-image-preview:large","max-video-preview":"max-video-preview:-1"},"canonical":"https:\/\/edgardgouveiajr.com.br\/en\/storytelling-nao-muda-o-mundo-mas-as-pessoas-sim\/","og_locale":"en_US","og_type":"article","og_title":"Storytelling n\u00e3o muda o mundo, mas as pessoas sim - Edgard Gouveia Jr","og_description":"\"H\u00e1 diversas formas de construir uma narrativa, e o storytelling \u00e9 uma delas...\"","og_url":"https:\/\/edgardgouveiajr.com.br\/en\/storytelling-nao-muda-o-mundo-mas-as-pessoas-sim\/","og_site_name":"Edgard Gouveia Jr","article_published_time":"2018-09-25T17:20:59+00:00","article_modified_time":"2019-05-02T18:29:33+00:00","og_image":[{"width":1260,"height":622,"url":"https:\/\/edgardgouveiajr.com.br\/wp-content\/uploads\/2019\/05\/storytelling.jpg","type":"image\/jpeg"}],"author":"Edgard Gouveia Jr","twitter_card":"summary_large_image","twitter_misc":{"Written by":"Edgard Gouveia Jr","Est. reading time":"5 minutes"},"schema":{"@context":"https:\/\/schema.org","@graph":[{"@type":"Article","@id":"https:\/\/edgardgouveiajr.com.br\/en\/storytelling-nao-muda-o-mundo-mas-as-pessoas-sim\/#article","isPartOf":{"@id":"https:\/\/edgardgouveiajr.com.br\/en\/storytelling-nao-muda-o-mundo-mas-as-pessoas-sim\/"},"author":{"name":"Edgard Gouveia Jr","@id":"https:\/\/edgardgouveiajr.com.br\/#\/schema\/person\/66e1877391005ce0e60954ed37dad750"},"headline":"Storytelling n\u00e3o muda o mundo, mas as pessoas sim","datePublished":"2018-09-25T17:20:59+00:00","dateModified":"2019-05-02T18:29:33+00:00","mainEntityOfPage":{"@id":"https:\/\/edgardgouveiajr.com.br\/en\/storytelling-nao-muda-o-mundo-mas-as-pessoas-sim\/"},"wordCount":1028,"commentCount":0,"image":{"@id":"https:\/\/edgardgouveiajr.com.br\/en\/storytelling-nao-muda-o-mundo-mas-as-pessoas-sim\/#primaryimage"},"thumbnailUrl":"https:\/\/edgardgouveiajr.com.br\/wp-content\/uploads\/2019\/05\/storytelling.jpg","articleSection":["Sem categoria"],"inLanguage":"en-US","potentialAction":[{"@type":"CommentAction","name":"Comment","target":["https:\/\/edgardgouveiajr.com.br\/en\/storytelling-nao-muda-o-mundo-mas-as-pessoas-sim\/#respond"]}]},{"@type":"WebPage","@id":"https:\/\/edgardgouveiajr.com.br\/en\/storytelling-nao-muda-o-mundo-mas-as-pessoas-sim\/","url":"https:\/\/edgardgouveiajr.com.br\/en\/storytelling-nao-muda-o-mundo-mas-as-pessoas-sim\/","name":"Storytelling n\u00e3o muda o mundo, mas as pessoas sim - Edgard Gouveia Jr","isPartOf":{"@id":"https:\/\/edgardgouveiajr.com.br\/#website"},"primaryImageOfPage":{"@id":"https:\/\/edgardgouveiajr.com.br\/en\/storytelling-nao-muda-o-mundo-mas-as-pessoas-sim\/#primaryimage"},"image":{"@id":"https:\/\/edgardgouveiajr.com.br\/en\/storytelling-nao-muda-o-mundo-mas-as-pessoas-sim\/#primaryimage"},"thumbnailUrl":"https:\/\/edgardgouveiajr.com.br\/wp-content\/uploads\/2019\/05\/storytelling.jpg","datePublished":"2018-09-25T17:20:59+00:00","dateModified":"2019-05-02T18:29:33+00:00","author":{"@id":"https:\/\/edgardgouveiajr.com.br\/#\/schema\/person\/66e1877391005ce0e60954ed37dad750"},"breadcrumb":{"@id":"https:\/\/edgardgouveiajr.com.br\/en\/storytelling-nao-muda-o-mundo-mas-as-pessoas-sim\/#breadcrumb"},"inLanguage":"en-US","potentialAction":[{"@type":"ReadAction","target":["https:\/\/edgardgouveiajr.com.br\/en\/storytelling-nao-muda-o-mundo-mas-as-pessoas-sim\/"]}]},{"@type":"ImageObject","inLanguage":"en-US","@id":"https:\/\/edgardgouveiajr.com.br\/en\/storytelling-nao-muda-o-mundo-mas-as-pessoas-sim\/#primaryimage","url":"https:\/\/edgardgouveiajr.com.br\/wp-content\/uploads\/2019\/05\/storytelling.jpg","contentUrl":"https:\/\/edgardgouveiajr.com.br\/wp-content\/uploads\/2019\/05\/storytelling.jpg","width":1260,"height":622},{"@type":"BreadcrumbList","@id":"https:\/\/edgardgouveiajr.com.br\/en\/storytelling-nao-muda-o-mundo-mas-as-pessoas-sim\/#breadcrumb","itemListElement":[{"@type":"ListItem","position":1,"name":"In\u00edcio","item":"https:\/\/edgardgouveiajr.com.br\/"},{"@type":"ListItem","position":2,"name":"Storytelling n\u00e3o muda o mundo, mas as pessoas sim"}]},{"@type":"WebSite","@id":"https:\/\/edgardgouveiajr.com.br\/#website","url":"https:\/\/edgardgouveiajr.com.br\/","name":"Edgard Gouveia Jr","description":"O Arquiteto do Humano","potentialAction":[{"@type":"SearchAction","target":{"@type":"EntryPoint","urlTemplate":"https:\/\/edgardgouveiajr.com.br\/?s={search_term_string}"},"query-input":{"@type":"PropertyValueSpecification","valueRequired":true,"valueName":"search_term_string"}}],"inLanguage":"en-US"},{"@type":"Person","@id":"https:\/\/edgardgouveiajr.com.br\/#\/schema\/person\/66e1877391005ce0e60954ed37dad750","name":"Edgard Gouveia Jr","image":{"@type":"ImageObject","inLanguage":"en-US","@id":"https:\/\/secure.gravatar.com\/avatar\/adb1883404fd3673d59cc8d08d1ebec3f12c10b329c39609fe3bab5357b9a78e?s=96&d=mm&r=g","url":"https:\/\/secure.gravatar.com\/avatar\/adb1883404fd3673d59cc8d08d1ebec3f12c10b329c39609fe3bab5357b9a78e?s=96&d=mm&r=g","contentUrl":"https:\/\/secure.gravatar.com\/avatar\/adb1883404fd3673d59cc8d08d1ebec3f12c10b329c39609fe3bab5357b9a78e?s=96&d=mm&r=g","caption":"Edgard Gouveia Jr"},"sameAs":["http:\/\/edgardgouveiajr.com.br"],"url":"https:\/\/edgardgouveiajr.com.br\/en\/author\/edgard\/"}]}},"_links":{"self":[{"href":"https:\/\/edgardgouveiajr.com.br\/en\/wp-json\/wp\/v2\/posts\/1020","targetHints":{"allow":["GET"]}}],"collection":[{"href":"https:\/\/edgardgouveiajr.com.br\/en\/wp-json\/wp\/v2\/posts"}],"about":[{"href":"https:\/\/edgardgouveiajr.com.br\/en\/wp-json\/wp\/v2\/types\/post"}],"author":[{"embeddable":true,"href":"https:\/\/edgardgouveiajr.com.br\/en\/wp-json\/wp\/v2\/users\/2"}],"replies":[{"embeddable":true,"href":"https:\/\/edgardgouveiajr.com.br\/en\/wp-json\/wp\/v2\/comments?post=1020"}],"version-history":[{"count":0,"href":"https:\/\/edgardgouveiajr.com.br\/en\/wp-json\/wp\/v2\/posts\/1020\/revisions"}],"wp:featuredmedia":[{"embeddable":true,"href":"https:\/\/edgardgouveiajr.com.br\/en\/wp-json\/wp\/v2\/media\/1021"}],"wp:attachment":[{"href":"https:\/\/edgardgouveiajr.com.br\/en\/wp-json\/wp\/v2\/media?parent=1020"}],"wp:term":[{"taxonomy":"category","embeddable":true,"href":"https:\/\/edgardgouveiajr.com.br\/en\/wp-json\/wp\/v2\/categories?post=1020"},{"taxonomy":"post_tag","embeddable":true,"href":"https:\/\/edgardgouveiajr.com.br\/en\/wp-json\/wp\/v2\/tags?post=1020"}],"curies":[{"name":"wp","href":"https:\/\/api.w.org\/{rel}","templated":true}]}}