{"id":1014,"date":"2017-03-27T19:34:20","date_gmt":"2017-03-27T22:34:20","guid":{"rendered":"http:\/\/35.168.5.64\/edgardgouveia\/?p=1014"},"modified":"2019-05-01T19:44:18","modified_gmt":"2019-05-01T22:44:18","slug":"o-festival-ja-comecou","status":"publish","type":"post","link":"https:\/\/edgardgouveiajr.com.br\/en\/o-festival-ja-comecou\/","title":{"rendered":"O Festival j\u00e1 come\u00e7ou!"},"content":{"rendered":"<p>O Festival da Integra\u00e7\u00e3o, que ocorre no <a href=\"https:\/\/www.sescsp.org.br\/unidades\/15_BERTIOGA#\/uaba=programacao#\/fdata=id%3D15\" rel=\"noopener noreferrer\" target=\"_blank\">Sesc Bertioga<\/a>, propondo a socializa\u00e7\u00e3o e reflex\u00f5es acerca do envelhecimento e da longevidade ao p\u00fablico inscrito nas atividades do<a href=\"https:\/\/www.sescsp.org.br\/programacao\/4395_PROGRAMA+TRABALHO+SOCIAL+COM+IDOSOS#\/content=programacao\" rel=\"noopener noreferrer\" target=\"_blank\"> Trabalho Social com Idosos<\/a> em todas as unidades do <a href=\"https:\/\/www.sescsp.org.br\/\" rel=\"noopener noreferrer\" target=\"_blank\">Sesc<\/a> em S\u00e3o Paulo, neste ano traz como tema o Tempo de Sonhar, estimulando novas ideias sobre projetos de vida e o desenvolvimento de habilidades.<\/p>\n<p>A primeira edi\u00e7\u00e3o deste ano acontece de 28 de mar\u00e7o a 02 de abril e, para refor\u00e7ar as bases e os conceitos do tema, houve uma sensibiliza\u00e7\u00e3o com os t\u00e9cnicos e instrutores respons\u00e1veis pelo acompanhamento dos grupos, realizada por Edgard Gouveia Jr, arquiteto, p\u00f3s-graduado em jogos cooperativos e especialista em tecnologias sociais, mas, que se apresentou ao grupo como ex jogador de v\u00f4lei e crian\u00e7a desassossegada que vivia em busca de coisas mais emocionantes, como brincar de se perder na floresta, aventuras e gincanas com miss\u00f5es imposs\u00edveis.<\/p>\n<p>Com reflex\u00f5es e hist\u00f3rias reais, Edgard mostrou o quanto \u00e9 importante que o ser humano n\u00e3o se sinta sozinho, que apenas um olhar, um sorriso ou uma palavra positiva \u00e9 o suficiente para um indiv\u00edduo se recompor e melhorar sua autoestima. As pessoas precisam de aten\u00e7\u00e3o, saber que existem, que s\u00e3o importantes.<\/p>\n<p>Criando jornadas que trazem momentos de desafios, criatividade e incentivos pode-se despertar o super-her\u00f3i que cada um tem dentro de si. Se for festa, se for divertido, podemos naturalmente caminhar na melhor vers\u00e3o de n\u00f3s mesmos. Ao contr\u00e1rio de tentarmos buscar defeitos no outro, \u00e9 importante que procuremos por seus dons e melhores sonhos, focando sempre no lado bom da vida.<\/p>\n<p>Pensando nisso, Edgard, prop\u00f4s uma atividade em que os profissionais do Sesc criassem um tipo de curr\u00edculo e que nele tivesse um resumo que contasse um pouco de sua inf\u00e2ncia, adolesc\u00eancia e fase adulta, retratando lembran\u00e7as marcantes, tanto negativas quanto positivas. Reunidos em grupos pequenos, meio a cartolinas, canetinhas, adesivos e cores, muitos se emocionaram relembrando momentos importantes, tristes e felizes de suas vidas, que os fizeram ser quem s\u00e3o hoje.<\/p>\n<p>Logo ap\u00f3s a conversa nos pequenos grupos, abriram uma grande roda de impress\u00f5es, onde cada um p\u00f4de falar sobre o que est\u00e1 vivo no seu corpo e, por meio da troca de m\u00e9ritos e experi\u00eancias, muitos compartilharam de momentos vividos parecidos, sentiram o quanto \u00e9 importante ouvir e se entregar \u00e0 hist\u00f3ria de outra pessoa para, assim, voltarem \u00e0s suas pr\u00f3prias hist\u00f3rias.<\/p>\n<p>Toda pessoa tem uma hist\u00f3ria de vida, tem conhecimentos que podem compartilhar, tem algo para oferecer. Tudo nessa vida come\u00e7a numa semente que regada com aten\u00e7\u00e3o e afeto pode germinar cheia de sentimentos bons e verdadeiros.<\/p>\n<p><em>\u201cUm momento ruim pode se transformar numa fase boa, e por meio da sensibiliza\u00e7\u00e3o, lapida\u00e7\u00e3o e incentivo para vencer miss\u00f5es que parecem imposs\u00edveis, podemos trazer aos participantes do Festival a melhor vers\u00e3o deles mesmos, e assim, provar que sempre \u00e9 tempo de sonhar.\u201d Edgard Gouveia Jr.<\/em><\/p>\n<p>Acompanhe aqui, em breve, tudo o que acontece durante o Festival!<\/p>\n","protected":false},"excerpt":{"rendered":"<p>\u201cUm momento ruim pode se transformar numa fase boa, e por meio da sensibiliza\u00e7\u00e3o, lapida\u00e7\u00e3o e incentivo para vencer miss\u00f5es que parecem imposs\u00edveis&#8230;&#8221;<\/p>\n","protected":false},"author":2,"featured_media":0,"comment_status":"open","ping_status":"open","sticky":false,"template":"","format":"standard","meta":{"footnotes":"","_links_to":"","_links_to_target":""},"categories":[8],"tags":[],"class_list":["post-1014","post","type-post","status-publish","format-standard","hentry","category-uncategorized"],"yoast_head":"<!-- This site is optimized with the Yoast SEO plugin v27.3 - https:\/\/yoast.com\/product\/yoast-seo-wordpress\/ -->\n<title>O Festival j\u00e1 come\u00e7ou! - Edgard Gouveia Jr<\/title>\n<meta name=\"robots\" content=\"index, follow, max-snippet:-1, max-image-preview:large, max-video-preview:-1\" \/>\n<link rel=\"canonical\" href=\"https:\/\/edgardgouveiajr.com.br\/en\/o-festival-ja-comecou\/\" \/>\n<meta property=\"og:locale\" content=\"en_US\" \/>\n<meta property=\"og:locale:alternate\" content=\"pt_BR\" \/>\n<meta property=\"og:type\" content=\"article\" \/>\n<meta property=\"og:title\" content=\"O Festival j\u00e1 come\u00e7ou! - Edgard Gouveia Jr\" \/>\n<meta property=\"og:description\" content=\"\u201cUm momento ruim pode se transformar numa fase boa, e por meio da sensibiliza\u00e7\u00e3o, lapida\u00e7\u00e3o e incentivo para vencer miss\u00f5es que parecem imposs\u00edveis...&quot;\" \/>\n<meta property=\"og:url\" content=\"https:\/\/edgardgouveiajr.com.br\/en\/o-festival-ja-comecou\/\" \/>\n<meta property=\"og:site_name\" content=\"Edgard Gouveia Jr\" \/>\n<meta property=\"article:published_time\" content=\"2017-03-27T22:34:20+00:00\" \/>\n<meta property=\"article:modified_time\" content=\"2019-05-01T22:44:18+00:00\" \/>\n<meta name=\"author\" content=\"Edgard Gouveia Jr\" \/>\n<meta name=\"twitter:card\" content=\"summary_large_image\" \/>\n<meta name=\"twitter:label1\" content=\"Written by\" \/>\n\t<meta name=\"twitter:data1\" content=\"Edgard Gouveia Jr\" \/>\n\t<meta name=\"twitter:label2\" content=\"Est. reading time\" \/>\n\t<meta name=\"twitter:data2\" content=\"3 minutes\" \/>\n<script type=\"application\/ld+json\" class=\"yoast-schema-graph\">{\"@context\":\"https:\\\/\\\/schema.org\",\"@graph\":[{\"@type\":\"Article\",\"@id\":\"https:\\\/\\\/edgardgouveiajr.com.br\\\/en\\\/o-festival-ja-comecou\\\/#article\",\"isPartOf\":{\"@id\":\"https:\\\/\\\/edgardgouveiajr.com.br\\\/en\\\/o-festival-ja-comecou\\\/\"},\"author\":{\"name\":\"Edgard Gouveia Jr\",\"@id\":\"https:\\\/\\\/edgardgouveiajr.com.br\\\/#\\\/schema\\\/person\\\/66e1877391005ce0e60954ed37dad750\"},\"headline\":\"O Festival j\u00e1 come\u00e7ou!\",\"datePublished\":\"2017-03-27T22:34:20+00:00\",\"dateModified\":\"2019-05-01T22:44:18+00:00\",\"mainEntityOfPage\":{\"@id\":\"https:\\\/\\\/edgardgouveiajr.com.br\\\/en\\\/o-festival-ja-comecou\\\/\"},\"wordCount\":531,\"commentCount\":0,\"inLanguage\":\"en-US\",\"potentialAction\":[{\"@type\":\"CommentAction\",\"name\":\"Comment\",\"target\":[\"https:\\\/\\\/edgardgouveiajr.com.br\\\/en\\\/o-festival-ja-comecou\\\/#respond\"]}]},{\"@type\":\"WebPage\",\"@id\":\"https:\\\/\\\/edgardgouveiajr.com.br\\\/en\\\/o-festival-ja-comecou\\\/\",\"url\":\"https:\\\/\\\/edgardgouveiajr.com.br\\\/en\\\/o-festival-ja-comecou\\\/\",\"name\":\"O Festival j\u00e1 come\u00e7ou! - Edgard Gouveia Jr\",\"isPartOf\":{\"@id\":\"https:\\\/\\\/edgardgouveiajr.com.br\\\/#website\"},\"datePublished\":\"2017-03-27T22:34:20+00:00\",\"dateModified\":\"2019-05-01T22:44:18+00:00\",\"author\":{\"@id\":\"https:\\\/\\\/edgardgouveiajr.com.br\\\/#\\\/schema\\\/person\\\/66e1877391005ce0e60954ed37dad750\"},\"breadcrumb\":{\"@id\":\"https:\\\/\\\/edgardgouveiajr.com.br\\\/en\\\/o-festival-ja-comecou\\\/#breadcrumb\"},\"inLanguage\":\"en-US\",\"potentialAction\":[{\"@type\":\"ReadAction\",\"target\":[\"https:\\\/\\\/edgardgouveiajr.com.br\\\/en\\\/o-festival-ja-comecou\\\/\"]}]},{\"@type\":\"BreadcrumbList\",\"@id\":\"https:\\\/\\\/edgardgouveiajr.com.br\\\/en\\\/o-festival-ja-comecou\\\/#breadcrumb\",\"itemListElement\":[{\"@type\":\"ListItem\",\"position\":1,\"name\":\"In\u00edcio\",\"item\":\"https:\\\/\\\/edgardgouveiajr.com.br\\\/\"},{\"@type\":\"ListItem\",\"position\":2,\"name\":\"O Festival j\u00e1 come\u00e7ou!\"}]},{\"@type\":\"WebSite\",\"@id\":\"https:\\\/\\\/edgardgouveiajr.com.br\\\/#website\",\"url\":\"https:\\\/\\\/edgardgouveiajr.com.br\\\/\",\"name\":\"Edgard Gouveia Jr\",\"description\":\"O Arquiteto do Humano\",\"potentialAction\":[{\"@type\":\"SearchAction\",\"target\":{\"@type\":\"EntryPoint\",\"urlTemplate\":\"https:\\\/\\\/edgardgouveiajr.com.br\\\/?s={search_term_string}\"},\"query-input\":{\"@type\":\"PropertyValueSpecification\",\"valueRequired\":true,\"valueName\":\"search_term_string\"}}],\"inLanguage\":\"en-US\"},{\"@type\":\"Person\",\"@id\":\"https:\\\/\\\/edgardgouveiajr.com.br\\\/#\\\/schema\\\/person\\\/66e1877391005ce0e60954ed37dad750\",\"name\":\"Edgard Gouveia Jr\",\"image\":{\"@type\":\"ImageObject\",\"inLanguage\":\"en-US\",\"@id\":\"https:\\\/\\\/secure.gravatar.com\\\/avatar\\\/adb1883404fd3673d59cc8d08d1ebec3f12c10b329c39609fe3bab5357b9a78e?s=96&d=mm&r=g\",\"url\":\"https:\\\/\\\/secure.gravatar.com\\\/avatar\\\/adb1883404fd3673d59cc8d08d1ebec3f12c10b329c39609fe3bab5357b9a78e?s=96&d=mm&r=g\",\"contentUrl\":\"https:\\\/\\\/secure.gravatar.com\\\/avatar\\\/adb1883404fd3673d59cc8d08d1ebec3f12c10b329c39609fe3bab5357b9a78e?s=96&d=mm&r=g\",\"caption\":\"Edgard Gouveia Jr\"},\"sameAs\":[\"http:\\\/\\\/edgardgouveiajr.com.br\"],\"url\":\"https:\\\/\\\/edgardgouveiajr.com.br\\\/en\\\/author\\\/edgard\\\/\"}]}<\/script>\n<!-- \/ Yoast SEO plugin. -->","yoast_head_json":{"title":"O Festival j\u00e1 come\u00e7ou! - Edgard Gouveia Jr","robots":{"index":"index","follow":"follow","max-snippet":"max-snippet:-1","max-image-preview":"max-image-preview:large","max-video-preview":"max-video-preview:-1"},"canonical":"https:\/\/edgardgouveiajr.com.br\/en\/o-festival-ja-comecou\/","og_locale":"en_US","og_type":"article","og_title":"O Festival j\u00e1 come\u00e7ou! - Edgard Gouveia Jr","og_description":"\u201cUm momento ruim pode se transformar numa fase boa, e por meio da sensibiliza\u00e7\u00e3o, lapida\u00e7\u00e3o e incentivo para vencer miss\u00f5es que parecem imposs\u00edveis...\"","og_url":"https:\/\/edgardgouveiajr.com.br\/en\/o-festival-ja-comecou\/","og_site_name":"Edgard Gouveia Jr","article_published_time":"2017-03-27T22:34:20+00:00","article_modified_time":"2019-05-01T22:44:18+00:00","author":"Edgard Gouveia Jr","twitter_card":"summary_large_image","twitter_misc":{"Written by":"Edgard Gouveia Jr","Est. reading time":"3 minutes"},"schema":{"@context":"https:\/\/schema.org","@graph":[{"@type":"Article","@id":"https:\/\/edgardgouveiajr.com.br\/en\/o-festival-ja-comecou\/#article","isPartOf":{"@id":"https:\/\/edgardgouveiajr.com.br\/en\/o-festival-ja-comecou\/"},"author":{"name":"Edgard Gouveia Jr","@id":"https:\/\/edgardgouveiajr.com.br\/#\/schema\/person\/66e1877391005ce0e60954ed37dad750"},"headline":"O Festival j\u00e1 come\u00e7ou!","datePublished":"2017-03-27T22:34:20+00:00","dateModified":"2019-05-01T22:44:18+00:00","mainEntityOfPage":{"@id":"https:\/\/edgardgouveiajr.com.br\/en\/o-festival-ja-comecou\/"},"wordCount":531,"commentCount":0,"inLanguage":"en-US","potentialAction":[{"@type":"CommentAction","name":"Comment","target":["https:\/\/edgardgouveiajr.com.br\/en\/o-festival-ja-comecou\/#respond"]}]},{"@type":"WebPage","@id":"https:\/\/edgardgouveiajr.com.br\/en\/o-festival-ja-comecou\/","url":"https:\/\/edgardgouveiajr.com.br\/en\/o-festival-ja-comecou\/","name":"O Festival j\u00e1 come\u00e7ou! - Edgard Gouveia Jr","isPartOf":{"@id":"https:\/\/edgardgouveiajr.com.br\/#website"},"datePublished":"2017-03-27T22:34:20+00:00","dateModified":"2019-05-01T22:44:18+00:00","author":{"@id":"https:\/\/edgardgouveiajr.com.br\/#\/schema\/person\/66e1877391005ce0e60954ed37dad750"},"breadcrumb":{"@id":"https:\/\/edgardgouveiajr.com.br\/en\/o-festival-ja-comecou\/#breadcrumb"},"inLanguage":"en-US","potentialAction":[{"@type":"ReadAction","target":["https:\/\/edgardgouveiajr.com.br\/en\/o-festival-ja-comecou\/"]}]},{"@type":"BreadcrumbList","@id":"https:\/\/edgardgouveiajr.com.br\/en\/o-festival-ja-comecou\/#breadcrumb","itemListElement":[{"@type":"ListItem","position":1,"name":"In\u00edcio","item":"https:\/\/edgardgouveiajr.com.br\/"},{"@type":"ListItem","position":2,"name":"O Festival j\u00e1 come\u00e7ou!"}]},{"@type":"WebSite","@id":"https:\/\/edgardgouveiajr.com.br\/#website","url":"https:\/\/edgardgouveiajr.com.br\/","name":"Edgard Gouveia Jr","description":"O Arquiteto do Humano","potentialAction":[{"@type":"SearchAction","target":{"@type":"EntryPoint","urlTemplate":"https:\/\/edgardgouveiajr.com.br\/?s={search_term_string}"},"query-input":{"@type":"PropertyValueSpecification","valueRequired":true,"valueName":"search_term_string"}}],"inLanguage":"en-US"},{"@type":"Person","@id":"https:\/\/edgardgouveiajr.com.br\/#\/schema\/person\/66e1877391005ce0e60954ed37dad750","name":"Edgard Gouveia Jr","image":{"@type":"ImageObject","inLanguage":"en-US","@id":"https:\/\/secure.gravatar.com\/avatar\/adb1883404fd3673d59cc8d08d1ebec3f12c10b329c39609fe3bab5357b9a78e?s=96&d=mm&r=g","url":"https:\/\/secure.gravatar.com\/avatar\/adb1883404fd3673d59cc8d08d1ebec3f12c10b329c39609fe3bab5357b9a78e?s=96&d=mm&r=g","contentUrl":"https:\/\/secure.gravatar.com\/avatar\/adb1883404fd3673d59cc8d08d1ebec3f12c10b329c39609fe3bab5357b9a78e?s=96&d=mm&r=g","caption":"Edgard Gouveia Jr"},"sameAs":["http:\/\/edgardgouveiajr.com.br"],"url":"https:\/\/edgardgouveiajr.com.br\/en\/author\/edgard\/"}]}},"_links":{"self":[{"href":"https:\/\/edgardgouveiajr.com.br\/en\/wp-json\/wp\/v2\/posts\/1014","targetHints":{"allow":["GET"]}}],"collection":[{"href":"https:\/\/edgardgouveiajr.com.br\/en\/wp-json\/wp\/v2\/posts"}],"about":[{"href":"https:\/\/edgardgouveiajr.com.br\/en\/wp-json\/wp\/v2\/types\/post"}],"author":[{"embeddable":true,"href":"https:\/\/edgardgouveiajr.com.br\/en\/wp-json\/wp\/v2\/users\/2"}],"replies":[{"embeddable":true,"href":"https:\/\/edgardgouveiajr.com.br\/en\/wp-json\/wp\/v2\/comments?post=1014"}],"version-history":[{"count":0,"href":"https:\/\/edgardgouveiajr.com.br\/en\/wp-json\/wp\/v2\/posts\/1014\/revisions"}],"wp:attachment":[{"href":"https:\/\/edgardgouveiajr.com.br\/en\/wp-json\/wp\/v2\/media?parent=1014"}],"wp:term":[{"taxonomy":"category","embeddable":true,"href":"https:\/\/edgardgouveiajr.com.br\/en\/wp-json\/wp\/v2\/categories?post=1014"},{"taxonomy":"post_tag","embeddable":true,"href":"https:\/\/edgardgouveiajr.com.br\/en\/wp-json\/wp\/v2\/tags?post=1014"}],"curies":[{"name":"wp","href":"https:\/\/api.w.org\/{rel}","templated":true}]}}